{"id":26998,"date":"2026-08-25T14:32:47","date_gmt":"2026-08-25T13:32:47","guid":{"rendered":"https:\/\/www.accord-langues.com\/?p=26998"},"modified":"2026-08-25T14:32:47","modified_gmt":"2026-08-25T13:32:47","slug":"por-que-a-bandeira-francesa-e-azul-branca-e-vermelha","status":"publish","type":"post","link":"https:\/\/www.accord-langues.com\/pt-br\/por-que-a-bandeira-francesa-e-azul-branca-e-vermelha\/","title":{"rendered":"Por que a bandeira francesa \u00e9 azul, branca e vermelha?"},"content":{"rendered":"<h2><strong>Por que a bandeira francesa \u00e9 azul, branca e vermelha? Hist\u00f3ria e significado<\/strong><\/h2>\n<p>Caminhe por qualquer cidade francesa no dia 14 de julho e voc\u00ea a ver\u00e1 em toda parte: <em>le drapeau tricolore<\/em>, pendurada em janelas, prefeituras e mesas de caf\u00e9. Azul, branco e vermelho: tr\u00eas simples faixas verticais que, para qualquer pessoa no mundo, dizem instantaneamente &#8220;Fran\u00e7a&#8221;. Mas por que essas tr\u00eas cores, e por que nessa ordem?<\/p>\n<p>Por tr\u00e1s da bandeira nacional da Fran\u00e7a existe uma hist\u00f3ria de reis, revolucion\u00e1rios e s\u00e9culos de mudan\u00e7as pol\u00edticas. \u00c9 o tipo de detalhe cultural que faz muito mais sentido quando se vive e se estuda franc\u00eas na pr\u00f3pria Fran\u00e7a.<\/p>\n<p><strong>O significado do azul, do branco e do vermelho<\/strong><\/p>\n<p>Cada cor da bandeira francesa carrega seu pr\u00f3prio simbolismo, moldado pela hist\u00f3ria.<\/p>\n<ul>\n<li><strong>O azul<\/strong> est\u00e1 associado a Paris h\u00e1 muito tempo e, remontando ainda mais no tempo, a S\u00e3o Martinho, um soldado que se tornou o santo padroeiro do ex\u00e9rcito franc\u00eas. Com o passar do tempo, o azul passou a representar a liberdade e a resist\u00eancia do povo franc\u00eas contra a tirania.<\/li>\n<li><strong>O branco<\/strong> era historicamente a cor da monarquia francesa e da Casa de Bourbon. Em vez de desaparecer ap\u00f3s a Revolu\u00e7\u00e3o, o branco foi mantido no centro da nova bandeira, simbolizando a unidade e, no contexto da nova Rep\u00fablica, a pureza.<\/li>\n<li><strong>O vermelho<\/strong>, ao lado do azul, era uma das cores tradicionais da cidade de Paris. Durante e depois da Revolu\u00e7\u00e3o, o vermelho passou a representar a coragem e os sacrif\u00edcios feitos na luta pela liberdade.<\/li>\n<\/ul>\n<p>Juntas, as tr\u00eas cores s\u00e3o hoje amplamente entendidas como a personifica\u00e7\u00e3o do lema revolucion\u00e1rio que ainda define a Fran\u00e7a: <em>libert\u00e9, \u00e9galit\u00e9, fraternit\u00e9<\/em> (liberdade, igualdade, fraternidade).<\/p>\n<h3><strong>A hist\u00f3ria da bandeira francesa<\/strong><\/h3>\n<p>Antes de existir a <em>Tricolore<\/em>, a Fran\u00e7a n\u00e3o tinha uma \u00fanica bandeira nacional. Sob a monarquia, o pa\u00eds era representado por diversos estandartes, o mais famoso deles um escudo azul decorado com tr\u00eas flores-de-lis douradas (<em>fleurs-de-lis<\/em>), exibido mais tarde sobre um fundo branco, a cor da dinastia Bourbon.<\/p>\n<p>Tudo mudou com a Revolu\u00e7\u00e3o Francesa de 1789. Ap\u00f3s a tomada da Bastilha, o marqu\u00eas de La Fayette presenteou o rei Lu\u00eds XVI com uma escarapela azul e vermelha, as cores tradicionais de Paris. O branco, cor da monarquia, foi adicionado \u00e0 escarapela para simbolizar a alian\u00e7a (de curta dura\u00e7\u00e3o) entre o rei e o povo franc\u00eas. Essa escarapela tricolor rapidamente se tornou um distintivo de lealdade usado pelos revolucion\u00e1rios em todo o pa\u00eds.<\/p>\n<p>faixas verticais foi adotada para os navios franceses. No entanto, s\u00f3 em 1794 a Conven\u00e7\u00e3o Nacional fixou oficialmente o desenho que reconhecemos hoje: azul junto ao mastro, branco no centro e vermelho tremulando livre na ponta.<\/p>\n<p>A hist\u00f3ria da bandeira n\u00e3o terminou a\u00ed. Quando a monarquia foi restaurada entre 1814 e 1830, a <em>Tricolore<\/em> foi deixada de lado em favor da simples bandeira real branca. Ela voltou ap\u00f3s a Revolu\u00e7\u00e3o de Julho de 1830 e permanece, desde ent\u00e3o, como o emblema nacional da Fran\u00e7a, consagrado oficialmente tanto na constitui\u00e7\u00e3o de 1946 quanto na de 1958, e confirmado hoje no Artigo 2\u00ba da Constitui\u00e7\u00e3o francesa.<\/p>\n<p><strong>Outros pa\u00edses usam as mesmas tr\u00eas cores?<\/strong><\/p>\n<p>A Fran\u00e7a esteve longe de ser o \u00fanico pa\u00eds a adotar uma bandeira azul, branca e vermelha. Na verdade, esse desenho inspirou dezenas de na\u00e7\u00f5es ao redor do mundo. Alguns exemplos not\u00e1veis:<\/p>\n<ul>\n<li><strong>Pa\u00edses Baixos<\/strong>: frequentemente considerada uma das primeiras bandeiras tricolores da hist\u00f3ria, com origens que remontam ao s\u00e9culo XVI, embora organizada em faixas horizontais vermelho-branco-azul, e n\u00e3o nas faixas verticais francesas.<\/li>\n<li><strong>Luxemburgo<\/strong>: uma tricolor horizontal em vermelho, branco e azul-claro, visualmente pr\u00f3xima da bandeira holandesa, mas com tons e origens pr\u00f3prios, ligados ao bras\u00e3o da Casa de Luxemburgo.<\/li>\n<li><strong>R\u00fassia<\/strong>: uma bandeira horizontal branco-azul-vermelho, historicamente ligada \u00e0 influ\u00eancia das bandeiras mar\u00edtimas da Europa Ocidental.<\/li>\n<li><strong>Reino Unido<\/strong>: a Union Jack combina as mesmas tr\u00eas cores em um desenho bem diferente, baseado em cruzes.<\/li>\n<li><strong>Estados Unidos<\/strong>: as Barras e Estrelas, outra bandeira da era revolucion\u00e1ria constru\u00edda sobre vermelho, branco e azul.<\/li>\n<li><strong>Muitas ex-col\u00f4nias e territ\u00f3rios franceses<\/strong>, incluindo Quebec e Martinica, que ainda carregam ecos dos hist\u00f3ricos desenhos franceses em azul e branco.<\/li>\n<\/ul>\n<p>Ao todo, mais de 30 pa\u00edses no mundo hasteiam bandeiras constru\u00eddas com esse mesmo trio de cores, tornando o azul, o branco e o vermelho uma das combina\u00e7\u00f5es de cores mais populares no desenho de bandeiras, intimamente ligada a ideias de liberdade, revolu\u00e7\u00e3o e independ\u00eancia.<\/p>\n<p><strong>Curiosidades sobre a bandeira francesa<\/strong><\/p>\n<ul>\n<li>Diz-se que a ordem exata das cores da <em>Tricolore<\/em> foi definida com a colabora\u00e7\u00e3o do pintor Jacques-Louis David.<\/li>\n<li>O nome oficial da bandeira, <em>le drapeau tricolore<\/em>, significa simplesmente &#8220;a bandeira de tr\u00eas cores&#8221;.<\/li>\n<li>Ao contr\u00e1rio de uma cren\u00e7a popular, o galo gaul\u00eas n\u00e3o \u00e9 um s\u00edmbolo oficial da Fran\u00e7a: esse status pertence \u00e0 bandeira tricolor e a <em>La Marseillaise<\/em>, o hino nacional.<\/li>\n<li>A propor\u00e7\u00e3o da bandeira francesa \u00e9 de 2:3, as mesmas propor\u00e7\u00f5es usadas por muitas outras bandeiras nacionais ao redor do mundo, incluindo as dos Pa\u00edses Baixos e da R\u00fassia.<\/li>\n<\/ul>\n<h4><strong>Descubra a cultura e a hist\u00f3ria da Fran\u00e7a, em Paris<\/strong><\/h4>\n<p>Aprender um idioma nunca \u00e9 apenas uma quest\u00e3o de gram\u00e1tica e vocabul\u00e1rio: \u00e9 sobre entender a cultura, a hist\u00f3ria e os s\u00edmbolos que moldam o dia a dia. Saber por que a bandeira francesa \u00e9 azul, branca e vermelha \u00e9 um pequeno exemplo do tipo de conhecimento cultural que torna o aprendizado do franc\u00eas muito mais rico quando feito na pr\u00f3pria Fran\u00e7a.<\/p>\n<p>Na ACCORD <a href=\"https:\/\/www.accord-langues.com\/pt-br\/\" target=\"_blank\" rel=\"noopener\">Escola em Fran\u00e7a<\/a>, nossos <a href=\"https:\/\/www.accord-langues.com\/pt-br\/cursos-de-frances-na-accord-paris-em-francia\/\" target=\"_blank\" rel=\"noopener\">cursos de franc\u00eas<\/a> combinam o aprendizado do idioma com uma imers\u00e3o real na cultura e na hist\u00f3ria francesas, a poucos passos de alguns dos pontos tur\u00edsticos mais ic\u00f4nicos da cidade. Nossos alunos n\u00e3o se limitam a decorar fatos sobre a Fran\u00e7a: eles caminham todos os dias sob a <em>Tricolore<\/em> que tremula sobre pr\u00e9dios p\u00fablicos, conversam sobre hist\u00f3ria francesa com seus professores e come\u00e7am a entender o pa\u00eds de dentro para fora.<\/p>\n<p>Ent\u00e3o, se a hist\u00f3ria de uma bandeira j\u00e1 \u00e9 capaz de despertar tanta curiosidade, imagine o que algumas semanas de imers\u00e3o total em Paris poderiam te ensinar. Venha para a ACCORD Paris e transforme sua curiosidade pela cultura francesa em franc\u00eas de verdade, falado no dia a dia.<\/p>\n<p><strong>Com a ACCORD Paris, n\u00e3o se trata apenas de\u00a0<a href=\"https:\/\/www.accord-langues.com\/pt-br\/cursos-de-frances-na-accord-paris-em-francia\/\" target=\"_blank\" rel=\"noopener\">aprender franc\u00eas<\/a>; \u00e9 toda uma experi\u00eancia de vida.<\/strong><\/p>\n<p><a href=\"https:\/\/www.accord-langues.com\/pt-br\/contate-a-accord-paris\/\">Contate-nos<\/a><\/p>\n<p>&nbsp;<\/p>\n","protected":false},"excerpt":{"rendered":"<p>Descubra por que a bandeira francesa \u00e9 azul, branca e vermelha, o que cada cor simboliza, sua hist\u00f3ria revolucion\u00e1ria e quais outros pa\u00edses usam as mesmas cores.<\/p>\n","protected":false},"author":10,"featured_media":26990,"comment_status":"closed","ping_status":"closed","sticky":false,"template":"","format":"standard","meta":{"_acf_changed":false,"footnotes":""},"categories":[2264],"tags":[],"class_list":["post-26998","post","type-post","status-publish","format-standard","has-post-thumbnail","hentry","category-nao-categorizado"],"acf":[],"yoast_head":"<!-- This site is optimized with the Yoast SEO Premium plugin v28.3 (Yoast SEO v28.3) - https:\/\/yoast.com\/product\/yoast-seo-premium-wordpress\/ -->\n<title>Por que a bandeira francesa \u00e9 azul, branca e vermelha? - Accord Paris<\/title>\n<meta name=\"description\" content=\"Descubra por que a bandeira francesa \u00e9 azul, branca e vermelha, o que cada cor simboliza e sua hist\u00f3ria revolucion\u00e1ria.\" \/>\n<meta name=\"robots\" content=\"index, follow, max-snippet:-1, max-image-preview:large, max-video-preview:-1\" \/>\n<link rel=\"canonical\" href=\"https:\/\/www.accord-langues.com\/pt-br\/por-que-a-bandeira-francesa-e-azul-branca-e-vermelha\/\" \/>\n<meta property=\"og:locale\" content=\"pt_BR\" \/>\n<meta property=\"og:type\" content=\"article\" \/>\n<meta property=\"og:title\" content=\"Por que a bandeira francesa \u00e9 azul, branca e vermelha?\" \/>\n<meta property=\"og:description\" content=\"Descubra por que a bandeira francesa \u00e9 azul, branca e vermelha, o que cada cor simboliza e sua hist\u00f3ria revolucion\u00e1ria.\" \/>\n<meta property=\"og:url\" content=\"https:\/\/www.accord-langues.com\/pt-br\/por-que-a-bandeira-francesa-e-azul-branca-e-vermelha\/\" \/>\n<meta property=\"og:site_name\" content=\"Accord Paris\" \/>\n<meta property=\"article:publisher\" content=\"https:\/\/www.facebook.com\/accordecoledelangues\" \/>\n<meta property=\"article:published_time\" content=\"2026-08-25T13:32:47+00:00\" \/>\n<meta property=\"og:image\" content=\"https:\/\/www.accord-langues.com\/wp-content\/uploads\/2026\/08\/invitro-flag-3210468_1280.jpg\" \/>\n\t<meta property=\"og:image:width\" content=\"1280\" \/>\n\t<meta property=\"og:image:height\" content=\"818\" \/>\n\t<meta property=\"og:image:type\" content=\"image\/jpeg\" \/>\n<meta name=\"author\" content=\"Fran\u00e7ois PFEIFFER\" \/>\n<meta name=\"twitter:card\" content=\"summary_large_image\" \/>\n<meta name=\"twitter:label1\" content=\"Escrito por\" \/>\n\t<meta name=\"twitter:data1\" content=\"Fran\u00e7ois PFEIFFER\" \/>\n\t<meta name=\"twitter:label2\" content=\"Est. tempo de leitura\" \/>\n\t<meta name=\"twitter:data2\" content=\"5 minutos\" \/>\n<script type=\"application\/ld+json\" class=\"yoast-schema-graph\">{\"@context\":\"https:\\\/\\\/schema.org\",\"@graph\":[{\"@type\":\"Article\",\"@id\":\"https:\\\/\\\/www.accord-langues.com\\\/pt-br\\\/por-que-a-bandeira-francesa-e-azul-branca-e-vermelha\\\/#article\",\"isPartOf\":{\"@id\":\"https:\\\/\\\/www.accord-langues.com\\\/pt-br\\\/por-que-a-bandeira-francesa-e-azul-branca-e-vermelha\\\/\"},\"author\":{\"name\":\"Fran\u00e7ois PFEIFFER\",\"@id\":\"https:\\\/\\\/www.accord-langues.com\\\/pt-br\\\/#\\\/schema\\\/person\\\/094b7403ccd70c90f43907c2f18fcd5c\"},\"headline\":\"Por que a bandeira francesa \u00e9 azul, branca e vermelha?\",\"datePublished\":\"2026-08-25T13:32:47+00:00\",\"mainEntityOfPage\":{\"@id\":\"https:\\\/\\\/www.accord-langues.com\\\/pt-br\\\/por-que-a-bandeira-francesa-e-azul-branca-e-vermelha\\\/\"},\"wordCount\":1143,\"publisher\":{\"@id\":\"https:\\\/\\\/www.accord-langues.com\\\/pt-br\\\/#organization\"},\"image\":{\"@id\":\"https:\\\/\\\/www.accord-langues.com\\\/pt-br\\\/por-que-a-bandeira-francesa-e-azul-branca-e-vermelha\\\/#primaryimage\"},\"thumbnailUrl\":\"https:\\\/\\\/www.accord-langues.com\\\/wp-content\\\/uploads\\\/2026\\\/08\\\/invitro-flag-3210468_1280.jpg\",\"articleSection\":[\"N\u00e3o categorizado\"],\"inLanguage\":\"pt-BR\"},{\"@type\":\"WebPage\",\"@id\":\"https:\\\/\\\/www.accord-langues.com\\\/pt-br\\\/por-que-a-bandeira-francesa-e-azul-branca-e-vermelha\\\/\",\"url\":\"https:\\\/\\\/www.accord-langues.com\\\/pt-br\\\/por-que-a-bandeira-francesa-e-azul-branca-e-vermelha\\\/\",\"name\":\"Por que a bandeira francesa \u00e9 azul, branca e vermelha? - Accord Paris\",\"isPartOf\":{\"@id\":\"https:\\\/\\\/www.accord-langues.com\\\/pt-br\\\/#website\"},\"primaryImageOfPage\":{\"@id\":\"https:\\\/\\\/www.accord-langues.com\\\/pt-br\\\/por-que-a-bandeira-francesa-e-azul-branca-e-vermelha\\\/#primaryimage\"},\"image\":{\"@id\":\"https:\\\/\\\/www.accord-langues.com\\\/pt-br\\\/por-que-a-bandeira-francesa-e-azul-branca-e-vermelha\\\/#primaryimage\"},\"thumbnailUrl\":\"https:\\\/\\\/www.accord-langues.com\\\/wp-content\\\/uploads\\\/2026\\\/08\\\/invitro-flag-3210468_1280.jpg\",\"datePublished\":\"2026-08-25T13:32:47+00:00\",\"description\":\"Descubra por que a bandeira francesa \u00e9 azul, branca e vermelha, o que cada cor simboliza e sua hist\u00f3ria revolucion\u00e1ria.\",\"inLanguage\":\"pt-BR\",\"potentialAction\":[{\"@type\":\"ReadAction\",\"target\":[\"https:\\\/\\\/www.accord-langues.com\\\/pt-br\\\/por-que-a-bandeira-francesa-e-azul-branca-e-vermelha\\\/\"]}]},{\"@type\":\"ImageObject\",\"inLanguage\":\"pt-BR\",\"@id\":\"https:\\\/\\\/www.accord-langues.com\\\/pt-br\\\/por-que-a-bandeira-francesa-e-azul-branca-e-vermelha\\\/#primaryimage\",\"url\":\"https:\\\/\\\/www.accord-langues.com\\\/wp-content\\\/uploads\\\/2026\\\/08\\\/invitro-flag-3210468_1280.jpg\",\"contentUrl\":\"https:\\\/\\\/www.accord-langues.com\\\/wp-content\\\/uploads\\\/2026\\\/08\\\/invitro-flag-3210468_1280.jpg\",\"width\":1280,\"height\":818,\"caption\":\"Why Is the French Flag Blue, White, and Red?\"},{\"@type\":\"WebSite\",\"@id\":\"https:\\\/\\\/www.accord-langues.com\\\/pt-br\\\/#website\",\"url\":\"https:\\\/\\\/www.accord-langues.com\\\/pt-br\\\/\",\"name\":\"Accord Paris\",\"description\":\"Learn French in France\",\"publisher\":{\"@id\":\"https:\\\/\\\/www.accord-langues.com\\\/pt-br\\\/#organization\"},\"potentialAction\":[{\"@type\":\"SearchAction\",\"target\":{\"@type\":\"EntryPoint\",\"urlTemplate\":\"https:\\\/\\\/www.accord-langues.com\\\/pt-br\\\/?s={search_term_string}\"},\"query-input\":{\"@type\":\"PropertyValueSpecification\",\"valueRequired\":true,\"valueName\":\"search_term_string\"}}],\"inLanguage\":\"pt-BR\"},{\"@type\":\"Organization\",\"@id\":\"https:\\\/\\\/www.accord-langues.com\\\/pt-br\\\/#organization\",\"name\":\"ACCORD Tour Eiffel\",\"alternateName\":\"Learn French in Paris\",\"url\":\"https:\\\/\\\/www.accord-langues.com\\\/pt-br\\\/\",\"logo\":{\"@type\":\"ImageObject\",\"inLanguage\":\"pt-BR\",\"@id\":\"https:\\\/\\\/www.accord-langues.com\\\/pt-br\\\/#\\\/schema\\\/logo\\\/image\\\/\",\"url\":\"https:\\\/\\\/www.accord-langues.com\\\/wp-content\\\/uploads\\\/2016\\\/06\\\/Logo.png\",\"contentUrl\":\"https:\\\/\\\/www.accord-langues.com\\\/wp-content\\\/uploads\\\/2016\\\/06\\\/Logo.png\",\"width\":290,\"height\":70,\"caption\":\"ACCORD Tour Eiffel\"},\"image\":{\"@id\":\"https:\\\/\\\/www.accord-langues.com\\\/pt-br\\\/#\\\/schema\\\/logo\\\/image\\\/\"},\"sameAs\":[\"https:\\\/\\\/www.facebook.com\\\/accordecoledelangues\",\"https:\\\/\\\/www.linkedin.com\\\/groups\\\/4542133\\\/\"],\"description\":\"ACCORD French Language School is one of the leading schools in France for teaching French to foreign students and offering high quality French language courses in Paris. The ACCORD language school is located in the heart of Paris, nearby the Eiffel Tower. The ACCORD school is open all year round and welcomes students from all over the world from the age of 16 in its French language courses. ACCORD school is accredited by the official \u201cQualit\u00e9 FLE\u201d label and is member of CAMPUS FRANCE, SOUFFLE and Atout France. ACCORD is official exam center for the TCF IRN, TCF TP, TCF Qu\u00e9bec and TCF Canada.\",\"email\":\"info@accord-langues.com\",\"telephone\":\"+33155335233\",\"legalName\":\"FORUM ACCORD\",\"foundingDate\":\"1990-02-23\",\"numberOfEmployees\":{\"@type\":\"QuantitativeValue\",\"minValue\":\"11\",\"maxValue\":\"50\"}},{\"@type\":\"Person\",\"@id\":\"https:\\\/\\\/www.accord-langues.com\\\/pt-br\\\/#\\\/schema\\\/person\\\/094b7403ccd70c90f43907c2f18fcd5c\",\"name\":\"Fran\u00e7ois PFEIFFER\",\"url\":\"https:\\\/\\\/www.accord-langues.com\\\/pt-br\\\/author\\\/ffpnat-21-05\\\/\"}]}<\/script>\n<!-- \/ Yoast SEO Premium plugin. -->","yoast_head_json":{"title":"Por que a bandeira francesa \u00e9 azul, branca e vermelha? - Accord Paris","description":"Descubra por que a bandeira francesa \u00e9 azul, branca e vermelha, o que cada cor simboliza e sua hist\u00f3ria revolucion\u00e1ria.","robots":{"index":"index","follow":"follow","max-snippet":"max-snippet:-1","max-image-preview":"max-image-preview:large","max-video-preview":"max-video-preview:-1"},"canonical":"https:\/\/www.accord-langues.com\/pt-br\/por-que-a-bandeira-francesa-e-azul-branca-e-vermelha\/","og_locale":"pt_BR","og_type":"article","og_title":"Por que a bandeira francesa \u00e9 azul, branca e vermelha?","og_description":"Descubra por que a bandeira francesa \u00e9 azul, branca e vermelha, o que cada cor simboliza e sua hist\u00f3ria revolucion\u00e1ria.","og_url":"https:\/\/www.accord-langues.com\/pt-br\/por-que-a-bandeira-francesa-e-azul-branca-e-vermelha\/","og_site_name":"Accord Paris","article_publisher":"https:\/\/www.facebook.com\/accordecoledelangues","article_published_time":"2026-08-25T13:32:47+00:00","og_image":[{"width":1280,"height":818,"url":"https:\/\/www.accord-langues.com\/wp-content\/uploads\/2026\/08\/invitro-flag-3210468_1280.jpg","type":"image\/jpeg"}],"author":"Fran\u00e7ois PFEIFFER","twitter_card":"summary_large_image","twitter_misc":{"Escrito por":"Fran\u00e7ois PFEIFFER","Est. tempo de leitura":"5 minutos"},"schema":{"@context":"https:\/\/schema.org","@graph":[{"@type":"Article","@id":"https:\/\/www.accord-langues.com\/pt-br\/por-que-a-bandeira-francesa-e-azul-branca-e-vermelha\/#article","isPartOf":{"@id":"https:\/\/www.accord-langues.com\/pt-br\/por-que-a-bandeira-francesa-e-azul-branca-e-vermelha\/"},"author":{"name":"Fran\u00e7ois PFEIFFER","@id":"https:\/\/www.accord-langues.com\/pt-br\/#\/schema\/person\/094b7403ccd70c90f43907c2f18fcd5c"},"headline":"Por que a bandeira francesa \u00e9 azul, branca e vermelha?","datePublished":"2026-08-25T13:32:47+00:00","mainEntityOfPage":{"@id":"https:\/\/www.accord-langues.com\/pt-br\/por-que-a-bandeira-francesa-e-azul-branca-e-vermelha\/"},"wordCount":1143,"publisher":{"@id":"https:\/\/www.accord-langues.com\/pt-br\/#organization"},"image":{"@id":"https:\/\/www.accord-langues.com\/pt-br\/por-que-a-bandeira-francesa-e-azul-branca-e-vermelha\/#primaryimage"},"thumbnailUrl":"https:\/\/www.accord-langues.com\/wp-content\/uploads\/2026\/08\/invitro-flag-3210468_1280.jpg","articleSection":["N\u00e3o categorizado"],"inLanguage":"pt-BR"},{"@type":"WebPage","@id":"https:\/\/www.accord-langues.com\/pt-br\/por-que-a-bandeira-francesa-e-azul-branca-e-vermelha\/","url":"https:\/\/www.accord-langues.com\/pt-br\/por-que-a-bandeira-francesa-e-azul-branca-e-vermelha\/","name":"Por que a bandeira francesa \u00e9 azul, branca e vermelha? - Accord Paris","isPartOf":{"@id":"https:\/\/www.accord-langues.com\/pt-br\/#website"},"primaryImageOfPage":{"@id":"https:\/\/www.accord-langues.com\/pt-br\/por-que-a-bandeira-francesa-e-azul-branca-e-vermelha\/#primaryimage"},"image":{"@id":"https:\/\/www.accord-langues.com\/pt-br\/por-que-a-bandeira-francesa-e-azul-branca-e-vermelha\/#primaryimage"},"thumbnailUrl":"https:\/\/www.accord-langues.com\/wp-content\/uploads\/2026\/08\/invitro-flag-3210468_1280.jpg","datePublished":"2026-08-25T13:32:47+00:00","description":"Descubra por que a bandeira francesa \u00e9 azul, branca e vermelha, o que cada cor simboliza e sua hist\u00f3ria revolucion\u00e1ria.","inLanguage":"pt-BR","potentialAction":[{"@type":"ReadAction","target":["https:\/\/www.accord-langues.com\/pt-br\/por-que-a-bandeira-francesa-e-azul-branca-e-vermelha\/"]}]},{"@type":"ImageObject","inLanguage":"pt-BR","@id":"https:\/\/www.accord-langues.com\/pt-br\/por-que-a-bandeira-francesa-e-azul-branca-e-vermelha\/#primaryimage","url":"https:\/\/www.accord-langues.com\/wp-content\/uploads\/2026\/08\/invitro-flag-3210468_1280.jpg","contentUrl":"https:\/\/www.accord-langues.com\/wp-content\/uploads\/2026\/08\/invitro-flag-3210468_1280.jpg","width":1280,"height":818,"caption":"Why Is the French Flag Blue, White, and Red?"},{"@type":"WebSite","@id":"https:\/\/www.accord-langues.com\/pt-br\/#website","url":"https:\/\/www.accord-langues.com\/pt-br\/","name":"Accord Paris","description":"Learn French in France","publisher":{"@id":"https:\/\/www.accord-langues.com\/pt-br\/#organization"},"potentialAction":[{"@type":"SearchAction","target":{"@type":"EntryPoint","urlTemplate":"https:\/\/www.accord-langues.com\/pt-br\/?s={search_term_string}"},"query-input":{"@type":"PropertyValueSpecification","valueRequired":true,"valueName":"search_term_string"}}],"inLanguage":"pt-BR"},{"@type":"Organization","@id":"https:\/\/www.accord-langues.com\/pt-br\/#organization","name":"ACCORD Tour Eiffel","alternateName":"Learn French in Paris","url":"https:\/\/www.accord-langues.com\/pt-br\/","logo":{"@type":"ImageObject","inLanguage":"pt-BR","@id":"https:\/\/www.accord-langues.com\/pt-br\/#\/schema\/logo\/image\/","url":"https:\/\/www.accord-langues.com\/wp-content\/uploads\/2016\/06\/Logo.png","contentUrl":"https:\/\/www.accord-langues.com\/wp-content\/uploads\/2016\/06\/Logo.png","width":290,"height":70,"caption":"ACCORD Tour Eiffel"},"image":{"@id":"https:\/\/www.accord-langues.com\/pt-br\/#\/schema\/logo\/image\/"},"sameAs":["https:\/\/www.facebook.com\/accordecoledelangues","https:\/\/www.linkedin.com\/groups\/4542133\/"],"description":"ACCORD French Language School is one of the leading schools in France for teaching French to foreign students and offering high quality French language courses in Paris. The ACCORD language school is located in the heart of Paris, nearby the Eiffel Tower. The ACCORD school is open all year round and welcomes students from all over the world from the age of 16 in its French language courses. ACCORD school is accredited by the official \u201cQualit\u00e9 FLE\u201d label and is member of CAMPUS FRANCE, SOUFFLE and Atout France. ACCORD is official exam center for the TCF IRN, TCF TP, TCF Qu\u00e9bec and TCF Canada.","email":"info@accord-langues.com","telephone":"+33155335233","legalName":"FORUM ACCORD","foundingDate":"1990-02-23","numberOfEmployees":{"@type":"QuantitativeValue","minValue":"11","maxValue":"50"}},{"@type":"Person","@id":"https:\/\/www.accord-langues.com\/pt-br\/#\/schema\/person\/094b7403ccd70c90f43907c2f18fcd5c","name":"Fran\u00e7ois PFEIFFER","url":"https:\/\/www.accord-langues.com\/pt-br\/author\/ffpnat-21-05\/"}]}},"_links":{"self":[{"href":"https:\/\/www.accord-langues.com\/pt-br\/wp-json\/wp\/v2\/posts\/26998","targetHints":{"allow":["GET"]}}],"collection":[{"href":"https:\/\/www.accord-langues.com\/pt-br\/wp-json\/wp\/v2\/posts"}],"about":[{"href":"https:\/\/www.accord-langues.com\/pt-br\/wp-json\/wp\/v2\/types\/post"}],"author":[{"embeddable":true,"href":"https:\/\/www.accord-langues.com\/pt-br\/wp-json\/wp\/v2\/users\/10"}],"replies":[{"embeddable":true,"href":"https:\/\/www.accord-langues.com\/pt-br\/wp-json\/wp\/v2\/comments?post=26998"}],"version-history":[{"count":1,"href":"https:\/\/www.accord-langues.com\/pt-br\/wp-json\/wp\/v2\/posts\/26998\/revisions"}],"predecessor-version":[{"id":26999,"href":"https:\/\/www.accord-langues.com\/pt-br\/wp-json\/wp\/v2\/posts\/26998\/revisions\/26999"}],"wp:featuredmedia":[{"embeddable":true,"href":"https:\/\/www.accord-langues.com\/pt-br\/wp-json\/wp\/v2\/media\/26990"}],"wp:attachment":[{"href":"https:\/\/www.accord-langues.com\/pt-br\/wp-json\/wp\/v2\/media?parent=26998"}],"wp:term":[{"taxonomy":"category","embeddable":true,"href":"https:\/\/www.accord-langues.com\/pt-br\/wp-json\/wp\/v2\/categories?post=26998"},{"taxonomy":"post_tag","embeddable":true,"href":"https:\/\/www.accord-langues.com\/pt-br\/wp-json\/wp\/v2\/tags?post=26998"}],"curies":[{"name":"wp","href":"https:\/\/api.w.org\/{rel}","templated":true}]}}