{"id":26996,"date":"2026-08-25T14:26:43","date_gmt":"2026-08-25T13:26:43","guid":{"rendered":"https:\/\/www.accord-langues.com\/?p=26996"},"modified":"2026-08-25T14:26:43","modified_gmt":"2026-08-25T13:26:43","slug":"perche-la-bandiera-francese-e-blu-bianca-e-rossa","status":"publish","type":"post","link":"https:\/\/www.accord-langues.com\/it\/perche-la-bandiera-francese-e-blu-bianca-e-rossa\/","title":{"rendered":"Perch\u00e9 la bandiera francese \u00e8 blu, bianca e rossa?"},"content":{"rendered":"<h2><strong>Perch\u00e9 la bandiera francese \u00e8 blu, bianca e rossa? Storia e significato<\/strong><\/h2>\n<p>Passeggia per una qualsiasi citt\u00e0 francese il 14 luglio e la vedrai ovunque: <em>le drapeau tricolore<\/em>, appeso alle finestre, ai municipi e ai tavolini dei caff\u00e8. Blu, bianco e rosso: tre semplici bande verticali che, in tutto il mondo, dicono immediatamente &#8220;Francia&#8221;. Ma perch\u00e9 proprio questi tre colori, e perch\u00e9 in quest&#8217;ordine?<\/p>\n<p>Dietro la bandiera nazionale francese si nasconde una storia fatta di re, rivoluzionari e secoli di cambiamenti politici. \u00c8 il tipo di dettaglio culturale che acquista molto pi\u00f9 senso quando si vive e si studia il francese proprio in Francia.<\/p>\n<p><strong>Il significato di blu, bianco e rosso<\/strong><\/p>\n<p>Ogni colore della bandiera francese porta con s\u00e9 un proprio simbolismo, plasmato dalla storia.<\/p>\n<ul>\n<li><strong>Il blu<\/strong> \u00e8 da tempo associato a Parigi e, ancora pi\u00f9 indietro nel tempo, a San Martino, un soldato divenuto poi patrono dell&#8217;esercito francese. Con il tempo, il blu \u00e8 arrivato a rappresentare la libert\u00e0 e la resistenza del popolo francese contro la tirannia.<\/li>\n<li><strong>Il bianco<\/strong> era storicamente il colore della monarchia francese e della casata dei Borbone. Invece di scomparire dopo la Rivoluzione, il bianco fu mantenuto al centro della nuova bandiera, a simboleggiare l&#8217;unit\u00e0 e, nel contesto della nuova Repubblica, la purezza.<\/li>\n<li><strong>Il rosso<\/strong>, insieme al blu, era uno dei colori tradizionali della citt\u00e0 di Parigi. Durante e dopo la Rivoluzione, il rosso arriv\u00f2 a rappresentare il coraggio e i sacrifici compiuti nella lotta per la libert\u00e0.<\/li>\n<\/ul>\n<p>Insieme, i tre colori sono oggi ampiamente intesi come l&#8217;incarnazione del motto rivoluzionario che ancora definisce la Francia: <em>libert\u00e9, \u00e9galit\u00e9, fraternit\u00e9<\/em> (libert\u00e0, uguaglianza, fraternit\u00e0).<\/p>\n<h3><strong>La storia della bandiera francese<\/strong><\/h3>\n<p>Prima che esistesse la <em>Tricolore<\/em>, la Francia non aveva un&#8217;unica bandiera nazionale. Sotto la monarchia, il paese era rappresentato da vari stendardi, il pi\u00f9 famoso dei quali era uno scudo blu decorato con tre gigli dorati (<em>fleurs-de-lis<\/em>), poi raffigurato su sfondo bianco, il colore della dinastia dei Borbone.<\/p>\n<p>Tutto cambi\u00f2 con la Rivoluzione francese del 1789. Dopo la presa della Bastiglia, il marchese de La Fayette present\u00f2 al re Luigi XVI una coccarda blu e rossa, i colori tradizionali di Parigi. Il bianco, colore della monarchia, fu aggiunto alla coccarda per simboleggiare l&#8217;alleanza (di breve durata) tra il re e il popolo francese. Questa coccarda tricolore divenne rapidamente un distintivo di fedelt\u00e0 indossato dai rivoluzionari in tutto il paese.<\/p>\n<p>I colori della coccarda passarono presto anche alle bandiere. Nel 1790 fu adottata per le navi francesi una bandiera a tre bande verticali. Ma fu solo nel 1794 che la Convenzione nazionale fiss\u00f2 ufficialmente il disegno che conosciamo oggi: il blu vicino all&#8217;asta, il bianco al centro e il rosso libero sul bordo esterno.<\/p>\n<p>La storia della bandiera non finisce qui. Quando la monarchia fu restaurata tra il 1814 e il 1830, la <em>Tricolore<\/em> fu messa da parte in favore della semplice bandiera reale bianca. Torn\u00f2 dopo la Rivoluzione di luglio del 1830 ed \u00e8 rimasta da allora l&#8217;emblema nazionale della Francia, sancito ufficialmente sia dalla costituzione del 1946 sia da quella del 1958, e confermato oggi dall&#8217;articolo 2 della Costituzione francese.<\/p>\n<p><strong>Altri paesi usano gli stessi tre colori?<\/strong><\/p>\n<p>La Francia non \u00e8 stata affatto l&#8217;unico paese ad adottare una bandiera blu, bianca e rossa. Anzi, questo schema ha ispirato decine di nazioni in tutto il mondo. Alcuni esempi degni di nota:<\/p>\n<ul>\n<li><strong>Paesi Bassi<\/strong>: spesso considerati tra le prime bandiere tricolori della storia, risalenti al XVI secolo, anche se disposte in bande orizzontali rosso-bianco-blu anzich\u00e9 nelle bande verticali francesi.<\/li>\n<li><strong>Lussemburgo<\/strong>: una tricolore orizzontale rosso-bianco-azzurro chiaro, visivamente vicina alla bandiera olandese ma con tonalit\u00e0 e origini proprie, legate allo stemma della Casata di Lussemburgo.<\/li>\n<li><strong>Russia<\/strong>: una bandiera orizzontale bianco-blu-rosso, storicamente legata all&#8217;influenza delle bandiere marittime dell&#8217;Europa occidentale.<\/li>\n<li><strong>Regno Unito<\/strong>: la Union Jack combina gli stessi tre colori in un disegno molto diverso, basato su una croce.<\/li>\n<li><strong>Stati Uniti<\/strong>: le Stars and Stripes, un&#8217;altra bandiera dell&#8217;epoca rivoluzionaria costruita su rosso, bianco e blu.<\/li>\n<li><strong>Molte ex colonie e territori francesi<\/strong>, tra cui il Qu\u00e9bec e la Martinica, che conservano ancora tracce degli storici motivi blu e bianco francesi.<\/li>\n<\/ul>\n<p>In totale, pi\u00f9 di 30 paesi nel mondo issano bandiere costruite su questo stesso trio di colori, rendendo il blu, il bianco e il rosso una delle combinazioni cromatiche pi\u00f9 diffuse nel design delle bandiere, strettamente legata a idee di libert\u00e0, rivoluzione e indipendenza.<\/p>\n<p><strong>Curiosit\u00e0 sulla bandiera francese<\/strong><\/p>\n<ul>\n<li>Sembra che l&#8217;ordine esatto dei colori della <em>Tricolore<\/em> sia stato definito con il contributo del pittore Jacques-Louis David.<\/li>\n<li>Il nome ufficiale della bandiera, <em>le drapeau tricolore<\/em>, significa semplicemente &#8220;la bandiera a tre colori&#8221;.<\/li>\n<li>Contrariamente a una credenza diffusa, il gallo gallico non \u00e8 un simbolo ufficiale della Francia: questo status appartiene alla bandiera tricolore e a <em>La Marseillaise<\/em>, l&#8217;inno nazionale.<\/li>\n<li>Il rapporto delle proporzioni della bandiera francese \u00e8 2:3, le stesse proporzioni usate da molte altre bandiere nazionali nel mondo, tra cui quelle dei Paesi Bassi e della Russia.<\/li>\n<\/ul>\n<h4><strong>Scopri la cultura e la storia francese, a Parigi<\/strong><\/h4>\n<p>Con ACCORD, non sono solo <a href=\"https:\/\/www.accord-langues.com\/it\/corsi-di-francese-a-parigi\/\" target=\"_blank\" rel=\"noopener\">corsi di francese<\/a>, ma un\u2019esperienza che ricorderete per tutta la vita: comprendere la cultura, la storia e i simboli che modellano la vita quotidiana. Sapere perch\u00e9 la bandiera francese \u00e8 blu, bianca e rossa \u00e8 un piccolo esempio del tipo di conoscenza culturale che rende l&#8217;apprendimento del francese molto pi\u00f9 ricco quando lo si fa direttamente in Francia.<\/p>\n<p>Ad nostra <a href=\"https:\/\/www.accord-langues.com\/it\/scuole-di-francese-accord\/\" target=\"_blank\" rel=\"noopener\">scuola di francese a Parigi<\/a>, i nostri corsi di francese uniscono l&#8217;apprendimento della lingua a una vera immersione nella cultura e nella storia francese, a pochi passi da alcuni dei luoghi pi\u00f9 iconici della citt\u00e0. I nostri studenti non si limitano a memorizzare fatti sulla Francia: camminano ogni giorno sotto la <em>Tricolore<\/em> che sventola sugli edifici pubblici, discutono di storia francese con i loro insegnanti e iniziano a comprendere il paese dall&#8217;interno.<\/p>\n<p>Se la storia di una bandiera pu\u00f2 suscitare cos\u00ec tanta curiosit\u00e0, immagina cosa potrebbero insegnarti alcune settimane di piena immersione a Parigi. Unisciti ad ACCORD Paris e trasforma la tua curiosit\u00e0 per la cultura francese in un francese vero, parlato.<\/p>\n<p><a title=\"\" href=\"https:\/\/www.accord-langues.com\/it\/corsi-di-francese-a-parigi\/\" target=\"_blank\" rel=\"noopener\">Corsi di lingua francese in Francia<\/a><\/p>\n<p><a href=\"https:\/\/www.accord-langues.com\/it\/contatta-accord-paris\/\">Contattaci<\/a><\/p>\n<p>&nbsp;<\/p>\n","protected":false},"excerpt":{"rendered":"<p>Scopri perch\u00e9 la bandiera francese \u00e8 blu, bianca e rossa, cosa simboleggia ogni colore, la sua storia rivoluzionaria e quali altri paesi condividono gli stessi colori.<\/p>\n","protected":false},"author":10,"featured_media":26989,"comment_status":"closed","ping_status":"closed","sticky":false,"template":"","format":"standard","meta":{"_acf_changed":false,"footnotes":""},"categories":[2263],"tags":[],"class_list":["post-26996","post","type-post","status-publish","format-standard","has-post-thumbnail","hentry","category-non-categorizzato"],"acf":[],"yoast_head":"<!-- This site is optimized with the Yoast SEO Premium plugin v28.3 (Yoast SEO v28.3) - https:\/\/yoast.com\/product\/yoast-seo-premium-wordpress\/ -->\n<title>Perch\u00e9 la bandiera francese \u00e8 blu, bianca e rossa? - Accord Paris<\/title>\n<meta name=\"description\" content=\"Corsi di lingua francese: scopri perch\u00e9 la bandiera francese \u00e8 blu, bianca e rossa, cosa simboleggia ogni colore e la storia rivoluzionaria.\" \/>\n<meta name=\"robots\" content=\"index, follow, max-snippet:-1, max-image-preview:large, max-video-preview:-1\" \/>\n<link rel=\"canonical\" href=\"https:\/\/www.accord-langues.com\/it\/perche-la-bandiera-francese-e-blu-bianca-e-rossa\/\" \/>\n<meta property=\"og:locale\" content=\"it_IT\" \/>\n<meta property=\"og:type\" content=\"article\" \/>\n<meta property=\"og:title\" content=\"Perch\u00e9 la bandiera francese \u00e8 blu, bianca e rossa?\" \/>\n<meta property=\"og:description\" content=\"Corsi di lingua francese: scopri perch\u00e9 la bandiera francese \u00e8 blu, bianca e rossa, cosa simboleggia ogni colore e la storia rivoluzionaria.\" \/>\n<meta property=\"og:url\" content=\"https:\/\/www.accord-langues.com\/it\/perche-la-bandiera-francese-e-blu-bianca-e-rossa\/\" \/>\n<meta property=\"og:site_name\" content=\"Accord Paris\" \/>\n<meta property=\"article:publisher\" content=\"https:\/\/www.facebook.com\/accordecoledelangues\" \/>\n<meta property=\"article:published_time\" content=\"2026-08-25T13:26:43+00:00\" \/>\n<meta property=\"og:image\" content=\"https:\/\/www.accord-langues.com\/wp-content\/uploads\/2026\/08\/invitro-flag-3210468_1280.jpg\" \/>\n\t<meta property=\"og:image:width\" content=\"1280\" \/>\n\t<meta property=\"og:image:height\" content=\"818\" \/>\n\t<meta property=\"og:image:type\" content=\"image\/jpeg\" \/>\n<meta name=\"author\" content=\"Fran\u00e7ois PFEIFFER\" \/>\n<meta name=\"twitter:card\" content=\"summary_large_image\" \/>\n<meta name=\"twitter:label1\" content=\"Scritto da\" \/>\n\t<meta name=\"twitter:data1\" content=\"Fran\u00e7ois PFEIFFER\" \/>\n\t<meta name=\"twitter:label2\" content=\"Tempo di lettura stimato\" \/>\n\t<meta name=\"twitter:data2\" content=\"5 minuti\" \/>\n<script type=\"application\/ld+json\" class=\"yoast-schema-graph\">{\"@context\":\"https:\\\/\\\/schema.org\",\"@graph\":[{\"@type\":\"Article\",\"@id\":\"https:\\\/\\\/www.accord-langues.com\\\/it\\\/perche-la-bandiera-francese-e-blu-bianca-e-rossa\\\/#article\",\"isPartOf\":{\"@id\":\"https:\\\/\\\/www.accord-langues.com\\\/it\\\/perche-la-bandiera-francese-e-blu-bianca-e-rossa\\\/\"},\"author\":{\"name\":\"Fran\u00e7ois PFEIFFER\",\"@id\":\"https:\\\/\\\/www.accord-langues.com\\\/it\\\/#\\\/schema\\\/person\\\/094b7403ccd70c90f43907c2f18fcd5c\"},\"headline\":\"Perch\u00e9 la bandiera francese \u00e8 blu, bianca e rossa?\",\"datePublished\":\"2026-08-25T13:26:43+00:00\",\"mainEntityOfPage\":{\"@id\":\"https:\\\/\\\/www.accord-langues.com\\\/it\\\/perche-la-bandiera-francese-e-blu-bianca-e-rossa\\\/\"},\"wordCount\":1015,\"publisher\":{\"@id\":\"https:\\\/\\\/www.accord-langues.com\\\/it\\\/#organization\"},\"image\":{\"@id\":\"https:\\\/\\\/www.accord-langues.com\\\/it\\\/perche-la-bandiera-francese-e-blu-bianca-e-rossa\\\/#primaryimage\"},\"thumbnailUrl\":\"https:\\\/\\\/www.accord-langues.com\\\/wp-content\\\/uploads\\\/2026\\\/08\\\/invitro-flag-3210468_1280.jpg\",\"articleSection\":[\"Non categorizzato\"],\"inLanguage\":\"it-IT\"},{\"@type\":\"WebPage\",\"@id\":\"https:\\\/\\\/www.accord-langues.com\\\/it\\\/perche-la-bandiera-francese-e-blu-bianca-e-rossa\\\/\",\"url\":\"https:\\\/\\\/www.accord-langues.com\\\/it\\\/perche-la-bandiera-francese-e-blu-bianca-e-rossa\\\/\",\"name\":\"Perch\u00e9 la bandiera francese \u00e8 blu, bianca e rossa? - Accord Paris\",\"isPartOf\":{\"@id\":\"https:\\\/\\\/www.accord-langues.com\\\/it\\\/#website\"},\"primaryImageOfPage\":{\"@id\":\"https:\\\/\\\/www.accord-langues.com\\\/it\\\/perche-la-bandiera-francese-e-blu-bianca-e-rossa\\\/#primaryimage\"},\"image\":{\"@id\":\"https:\\\/\\\/www.accord-langues.com\\\/it\\\/perche-la-bandiera-francese-e-blu-bianca-e-rossa\\\/#primaryimage\"},\"thumbnailUrl\":\"https:\\\/\\\/www.accord-langues.com\\\/wp-content\\\/uploads\\\/2026\\\/08\\\/invitro-flag-3210468_1280.jpg\",\"datePublished\":\"2026-08-25T13:26:43+00:00\",\"description\":\"Corsi di lingua francese: scopri perch\u00e9 la bandiera francese \u00e8 blu, bianca e rossa, cosa simboleggia ogni colore e la storia rivoluzionaria.\",\"inLanguage\":\"it-IT\",\"potentialAction\":[{\"@type\":\"ReadAction\",\"target\":[\"https:\\\/\\\/www.accord-langues.com\\\/it\\\/perche-la-bandiera-francese-e-blu-bianca-e-rossa\\\/\"]}]},{\"@type\":\"ImageObject\",\"inLanguage\":\"it-IT\",\"@id\":\"https:\\\/\\\/www.accord-langues.com\\\/it\\\/perche-la-bandiera-francese-e-blu-bianca-e-rossa\\\/#primaryimage\",\"url\":\"https:\\\/\\\/www.accord-langues.com\\\/wp-content\\\/uploads\\\/2026\\\/08\\\/invitro-flag-3210468_1280.jpg\",\"contentUrl\":\"https:\\\/\\\/www.accord-langues.com\\\/wp-content\\\/uploads\\\/2026\\\/08\\\/invitro-flag-3210468_1280.jpg\",\"width\":1280,\"height\":818,\"caption\":\"Why Is the French Flag Blue, White, and Red?\"},{\"@type\":\"WebSite\",\"@id\":\"https:\\\/\\\/www.accord-langues.com\\\/it\\\/#website\",\"url\":\"https:\\\/\\\/www.accord-langues.com\\\/it\\\/\",\"name\":\"Accord Paris\",\"description\":\"Learn French in France\",\"publisher\":{\"@id\":\"https:\\\/\\\/www.accord-langues.com\\\/it\\\/#organization\"},\"potentialAction\":[{\"@type\":\"SearchAction\",\"target\":{\"@type\":\"EntryPoint\",\"urlTemplate\":\"https:\\\/\\\/www.accord-langues.com\\\/it\\\/?s={search_term_string}\"},\"query-input\":{\"@type\":\"PropertyValueSpecification\",\"valueRequired\":true,\"valueName\":\"search_term_string\"}}],\"inLanguage\":\"it-IT\"},{\"@type\":\"Organization\",\"@id\":\"https:\\\/\\\/www.accord-langues.com\\\/it\\\/#organization\",\"name\":\"ACCORD Tour Eiffel\",\"alternateName\":\"Learn French in Paris\",\"url\":\"https:\\\/\\\/www.accord-langues.com\\\/it\\\/\",\"logo\":{\"@type\":\"ImageObject\",\"inLanguage\":\"it-IT\",\"@id\":\"https:\\\/\\\/www.accord-langues.com\\\/it\\\/#\\\/schema\\\/logo\\\/image\\\/\",\"url\":\"https:\\\/\\\/www.accord-langues.com\\\/wp-content\\\/uploads\\\/2016\\\/06\\\/Logo.png\",\"contentUrl\":\"https:\\\/\\\/www.accord-langues.com\\\/wp-content\\\/uploads\\\/2016\\\/06\\\/Logo.png\",\"width\":290,\"height\":70,\"caption\":\"ACCORD Tour Eiffel\"},\"image\":{\"@id\":\"https:\\\/\\\/www.accord-langues.com\\\/it\\\/#\\\/schema\\\/logo\\\/image\\\/\"},\"sameAs\":[\"https:\\\/\\\/www.facebook.com\\\/accordecoledelangues\",\"https:\\\/\\\/www.linkedin.com\\\/groups\\\/4542133\\\/\"],\"description\":\"ACCORD French Language School is one of the leading schools in France for teaching French to foreign students and offering high quality French language courses in Paris. The ACCORD language school is located in the heart of Paris, nearby the Eiffel Tower. The ACCORD school is open all year round and welcomes students from all over the world from the age of 16 in its French language courses. ACCORD school is accredited by the official \u201cQualit\u00e9 FLE\u201d label and is member of CAMPUS FRANCE, SOUFFLE and Atout France. ACCORD is official exam center for the TCF IRN, TCF TP, TCF Qu\u00e9bec and TCF Canada.\",\"email\":\"info@accord-langues.com\",\"telephone\":\"+33155335233\",\"legalName\":\"FORUM ACCORD\",\"foundingDate\":\"1990-02-23\",\"numberOfEmployees\":{\"@type\":\"QuantitativeValue\",\"minValue\":\"11\",\"maxValue\":\"50\"}},{\"@type\":\"Person\",\"@id\":\"https:\\\/\\\/www.accord-langues.com\\\/it\\\/#\\\/schema\\\/person\\\/094b7403ccd70c90f43907c2f18fcd5c\",\"name\":\"Fran\u00e7ois PFEIFFER\",\"url\":\"https:\\\/\\\/www.accord-langues.com\\\/it\\\/author\\\/ffpnat-21-05\\\/\"}]}<\/script>\n<!-- \/ Yoast SEO Premium plugin. -->","yoast_head_json":{"title":"Perch\u00e9 la bandiera francese \u00e8 blu, bianca e rossa? - Accord Paris","description":"Corsi di lingua francese: scopri perch\u00e9 la bandiera francese \u00e8 blu, bianca e rossa, cosa simboleggia ogni colore e la storia rivoluzionaria.","robots":{"index":"index","follow":"follow","max-snippet":"max-snippet:-1","max-image-preview":"max-image-preview:large","max-video-preview":"max-video-preview:-1"},"canonical":"https:\/\/www.accord-langues.com\/it\/perche-la-bandiera-francese-e-blu-bianca-e-rossa\/","og_locale":"it_IT","og_type":"article","og_title":"Perch\u00e9 la bandiera francese \u00e8 blu, bianca e rossa?","og_description":"Corsi di lingua francese: scopri perch\u00e9 la bandiera francese \u00e8 blu, bianca e rossa, cosa simboleggia ogni colore e la storia rivoluzionaria.","og_url":"https:\/\/www.accord-langues.com\/it\/perche-la-bandiera-francese-e-blu-bianca-e-rossa\/","og_site_name":"Accord Paris","article_publisher":"https:\/\/www.facebook.com\/accordecoledelangues","article_published_time":"2026-08-25T13:26:43+00:00","og_image":[{"width":1280,"height":818,"url":"https:\/\/www.accord-langues.com\/wp-content\/uploads\/2026\/08\/invitro-flag-3210468_1280.jpg","type":"image\/jpeg"}],"author":"Fran\u00e7ois PFEIFFER","twitter_card":"summary_large_image","twitter_misc":{"Scritto da":"Fran\u00e7ois PFEIFFER","Tempo di lettura stimato":"5 minuti"},"schema":{"@context":"https:\/\/schema.org","@graph":[{"@type":"Article","@id":"https:\/\/www.accord-langues.com\/it\/perche-la-bandiera-francese-e-blu-bianca-e-rossa\/#article","isPartOf":{"@id":"https:\/\/www.accord-langues.com\/it\/perche-la-bandiera-francese-e-blu-bianca-e-rossa\/"},"author":{"name":"Fran\u00e7ois PFEIFFER","@id":"https:\/\/www.accord-langues.com\/it\/#\/schema\/person\/094b7403ccd70c90f43907c2f18fcd5c"},"headline":"Perch\u00e9 la bandiera francese \u00e8 blu, bianca e rossa?","datePublished":"2026-08-25T13:26:43+00:00","mainEntityOfPage":{"@id":"https:\/\/www.accord-langues.com\/it\/perche-la-bandiera-francese-e-blu-bianca-e-rossa\/"},"wordCount":1015,"publisher":{"@id":"https:\/\/www.accord-langues.com\/it\/#organization"},"image":{"@id":"https:\/\/www.accord-langues.com\/it\/perche-la-bandiera-francese-e-blu-bianca-e-rossa\/#primaryimage"},"thumbnailUrl":"https:\/\/www.accord-langues.com\/wp-content\/uploads\/2026\/08\/invitro-flag-3210468_1280.jpg","articleSection":["Non categorizzato"],"inLanguage":"it-IT"},{"@type":"WebPage","@id":"https:\/\/www.accord-langues.com\/it\/perche-la-bandiera-francese-e-blu-bianca-e-rossa\/","url":"https:\/\/www.accord-langues.com\/it\/perche-la-bandiera-francese-e-blu-bianca-e-rossa\/","name":"Perch\u00e9 la bandiera francese \u00e8 blu, bianca e rossa? - Accord Paris","isPartOf":{"@id":"https:\/\/www.accord-langues.com\/it\/#website"},"primaryImageOfPage":{"@id":"https:\/\/www.accord-langues.com\/it\/perche-la-bandiera-francese-e-blu-bianca-e-rossa\/#primaryimage"},"image":{"@id":"https:\/\/www.accord-langues.com\/it\/perche-la-bandiera-francese-e-blu-bianca-e-rossa\/#primaryimage"},"thumbnailUrl":"https:\/\/www.accord-langues.com\/wp-content\/uploads\/2026\/08\/invitro-flag-3210468_1280.jpg","datePublished":"2026-08-25T13:26:43+00:00","description":"Corsi di lingua francese: scopri perch\u00e9 la bandiera francese \u00e8 blu, bianca e rossa, cosa simboleggia ogni colore e la storia rivoluzionaria.","inLanguage":"it-IT","potentialAction":[{"@type":"ReadAction","target":["https:\/\/www.accord-langues.com\/it\/perche-la-bandiera-francese-e-blu-bianca-e-rossa\/"]}]},{"@type":"ImageObject","inLanguage":"it-IT","@id":"https:\/\/www.accord-langues.com\/it\/perche-la-bandiera-francese-e-blu-bianca-e-rossa\/#primaryimage","url":"https:\/\/www.accord-langues.com\/wp-content\/uploads\/2026\/08\/invitro-flag-3210468_1280.jpg","contentUrl":"https:\/\/www.accord-langues.com\/wp-content\/uploads\/2026\/08\/invitro-flag-3210468_1280.jpg","width":1280,"height":818,"caption":"Why Is the French Flag Blue, White, and Red?"},{"@type":"WebSite","@id":"https:\/\/www.accord-langues.com\/it\/#website","url":"https:\/\/www.accord-langues.com\/it\/","name":"Accord Paris","description":"Learn French in France","publisher":{"@id":"https:\/\/www.accord-langues.com\/it\/#organization"},"potentialAction":[{"@type":"SearchAction","target":{"@type":"EntryPoint","urlTemplate":"https:\/\/www.accord-langues.com\/it\/?s={search_term_string}"},"query-input":{"@type":"PropertyValueSpecification","valueRequired":true,"valueName":"search_term_string"}}],"inLanguage":"it-IT"},{"@type":"Organization","@id":"https:\/\/www.accord-langues.com\/it\/#organization","name":"ACCORD Tour Eiffel","alternateName":"Learn French in Paris","url":"https:\/\/www.accord-langues.com\/it\/","logo":{"@type":"ImageObject","inLanguage":"it-IT","@id":"https:\/\/www.accord-langues.com\/it\/#\/schema\/logo\/image\/","url":"https:\/\/www.accord-langues.com\/wp-content\/uploads\/2016\/06\/Logo.png","contentUrl":"https:\/\/www.accord-langues.com\/wp-content\/uploads\/2016\/06\/Logo.png","width":290,"height":70,"caption":"ACCORD Tour Eiffel"},"image":{"@id":"https:\/\/www.accord-langues.com\/it\/#\/schema\/logo\/image\/"},"sameAs":["https:\/\/www.facebook.com\/accordecoledelangues","https:\/\/www.linkedin.com\/groups\/4542133\/"],"description":"ACCORD French Language School is one of the leading schools in France for teaching French to foreign students and offering high quality French language courses in Paris. The ACCORD language school is located in the heart of Paris, nearby the Eiffel Tower. The ACCORD school is open all year round and welcomes students from all over the world from the age of 16 in its French language courses. ACCORD school is accredited by the official \u201cQualit\u00e9 FLE\u201d label and is member of CAMPUS FRANCE, SOUFFLE and Atout France. ACCORD is official exam center for the TCF IRN, TCF TP, TCF Qu\u00e9bec and TCF Canada.","email":"info@accord-langues.com","telephone":"+33155335233","legalName":"FORUM ACCORD","foundingDate":"1990-02-23","numberOfEmployees":{"@type":"QuantitativeValue","minValue":"11","maxValue":"50"}},{"@type":"Person","@id":"https:\/\/www.accord-langues.com\/it\/#\/schema\/person\/094b7403ccd70c90f43907c2f18fcd5c","name":"Fran\u00e7ois PFEIFFER","url":"https:\/\/www.accord-langues.com\/it\/author\/ffpnat-21-05\/"}]}},"_links":{"self":[{"href":"https:\/\/www.accord-langues.com\/it\/wp-json\/wp\/v2\/posts\/26996","targetHints":{"allow":["GET"]}}],"collection":[{"href":"https:\/\/www.accord-langues.com\/it\/wp-json\/wp\/v2\/posts"}],"about":[{"href":"https:\/\/www.accord-langues.com\/it\/wp-json\/wp\/v2\/types\/post"}],"author":[{"embeddable":true,"href":"https:\/\/www.accord-langues.com\/it\/wp-json\/wp\/v2\/users\/10"}],"replies":[{"embeddable":true,"href":"https:\/\/www.accord-langues.com\/it\/wp-json\/wp\/v2\/comments?post=26996"}],"version-history":[{"count":1,"href":"https:\/\/www.accord-langues.com\/it\/wp-json\/wp\/v2\/posts\/26996\/revisions"}],"predecessor-version":[{"id":26997,"href":"https:\/\/www.accord-langues.com\/it\/wp-json\/wp\/v2\/posts\/26996\/revisions\/26997"}],"wp:featuredmedia":[{"embeddable":true,"href":"https:\/\/www.accord-langues.com\/it\/wp-json\/wp\/v2\/media\/26989"}],"wp:attachment":[{"href":"https:\/\/www.accord-langues.com\/it\/wp-json\/wp\/v2\/media?parent=26996"}],"wp:term":[{"taxonomy":"category","embeddable":true,"href":"https:\/\/www.accord-langues.com\/it\/wp-json\/wp\/v2\/categories?post=26996"},{"taxonomy":"post_tag","embeddable":true,"href":"https:\/\/www.accord-langues.com\/it\/wp-json\/wp\/v2\/tags?post=26996"}],"curies":[{"name":"wp","href":"https:\/\/api.w.org\/{rel}","templated":true}]}}