{"id":8790,"date":"2020-02-06T12:29:04","date_gmt":"2020-02-06T12:29:04","guid":{"rendered":"https:\/\/www.accord-langues.com\/?p=8790"},"modified":"2026-02-01T14:25:28","modified_gmt":"2026-02-01T14:25:28","slug":"sejour-linguistique-labellise-qualite-fle","status":"publish","type":"post","link":"https:\/\/www.accord-langues.com\/fr\/sejour-linguistique-labellise-qualite-fle\/","title":{"rendered":"S\u00e9jour linguistique labellis\u00e9 Qualit\u00e9 FLE"},"content":{"rendered":"<h2><a href=\"https:\/\/www.accord-langues.com\/\" target=\"_blank\" rel=\"noopener\"><span style=\"color: #ff6600;\"><strong>S\u00e9jour linguistique labellis\u00e9 Qualit\u00e9 FLE<\/strong><\/span><\/a><\/h2>\n<p>Vous cherchez <a href=\"https:\/\/www.accord-langues.com\/fr\/ecoles-langue-francaise-accord\/#GrandsBoulevards\" target=\"_blank\" rel=\"noopener noreferrer\">une bonne \u00e9cole de fran\u00e7ais ?<\/a><br \/>\nVous cherchez <a href=\"https:\/\/www.accord-langues.com\/fr\/cours-de-francais-pour-adulte-en-france\/\" target=\"_blank\" rel=\"noopener noreferrer\">un cours de fran\u00e7ais de qualit\u00e9 ?<\/a><br \/>\nVous avez du mal \u00e0 comparer ce que vous proposent les \u00e9coles ?<br \/>\nVous ne savez pas sur quels crit\u00e8res choisir l\u2019\u00e9cole pour effectuer votre prochain <a href=\"https:\/\/www.accord-langues.com\/fr\/voyages-scolaires-en-france-et-a-paris\/\" target=\"_blank\" rel=\"noopener\">s\u00e9jour linguistique en France<\/a>?<\/p>\n<p>La r\u00e9ponse \u00e0 vos questions est simple et se r\u00e9sume en une phrase: <strong>choisissez un <a href=\"https:\/\/www.accord-langues.com\/\" target=\"_blank\" rel=\"noopener\">s\u00e9jour linguistique labellis\u00e9 Qualit\u00e9 FLE<\/a> !<\/strong><\/p>\n<p><a href=\"https:\/\/www.accord-langues.com\/accord-french-language-schools\/\" target=\"_blank\" rel=\"noopener\">Les \u00e9coles de fran\u00e7ais langue \u00e9trang\u00e8re en France<\/a> se comptent par centaines, c\u2019est vrai, mais vous disposez d\u2019un premier crit\u00e8re, essentiel, pour choisir votre \u00e9cole de fran\u00e7ais en France: le label officiel Qualit\u00e9 FLE.<\/p>\n<p><strong>Choisir une \u00e9cole de fran\u00e7ais qui poss\u00e8de ce label, c&rsquo;est l&rsquo;assurance de choisir une \u00e9cole de qualit\u00e9 et r\u00e9guli\u00e8rement contr\u00f4l\u00e9e, qui vous garantira un <a href=\"https:\/\/www.accord-langues.com\/\" target=\"_blank\" rel=\"noopener\">s\u00e9jour linguistique labellis\u00e9 Qualit\u00e9 FLE<\/a>.<\/strong><\/p>\n<h2><span style=\"color: #ff6600;\"><strong>S\u00e9jour linguistique labellis\u00e9 Qualit\u00e9 FLE<\/strong><\/span><\/h2>\n<p>Cr\u00e9\u00e9 par d\u00e9cret en 2007, <strong>le <a href=\"https:\/\/www.accord-langues.com\/\" target=\"_blank\" rel=\"noopener\">label Qualit\u00e9 FLE<\/a> (label Qualit\u00e9 fran\u00e7ais langue \u00e9trang\u00e8re) est d\u00e9livr\u00e9 par trois minist\u00e8res fran\u00e7ais<\/strong>: le minist\u00e8re de l\u2019enseignement sup\u00e9rieur, de la recherche et de l\u2019innovation, le minist\u00e8re de la culture et le minist\u00e8re de l\u2019Europe et des affaires \u00e9trang\u00e8res.<\/p>\n<p>Label d\u2019\u00c9tat administr\u00e9 par F.E.I., le <a href=\"https:\/\/www.accord-langues.com\/\" target=\"_blank\" rel=\"noopener\">label Qualit\u00e9 FLE<\/a> a pour objectif d\u2019identifier, de valoriser et de promouvoir les centres de fran\u00e7ais langue \u00e9trang\u00e8re dont l\u2019offre linguistique et les services pr\u00e9sentent des garanties de qualit\u00e9.<\/p>\n<p>Ce <a href=\"https:\/\/www.accord-langues.com\/\" target=\"_blank\" rel=\"noopener\">label Qualit\u00e9 FLE<\/a> est attribu\u00e9 apr\u00e8s un audit r\u00e9alis\u00e9 dans l\u2019\u00e9cole qui propose des <a href=\"https:\/\/www.accord-langues.com\/fr\/apprendre-le-francais-en-france-a-paris\/\" target=\"_blank\" rel=\"noopener\">cours de fran\u00e7ais<\/a>. Le label est attribu\u00e9 sur la base d\u2019un r\u00e9f\u00e9rentiel qui concerne les cinq domaines suivants:<br \/>\n&#8211; Formations, enseignement<br \/>\n&#8211; Enseignants<br \/>\n&#8211; Accueil, accompagnement<br \/>\n&#8211; Locaux, s\u00e9curit\u00e9, \u00e9quipements<br \/>\n&#8211; Gestion<br \/>\net suite \u00e0 cet audit qualit\u00e9, l&rsquo;\u00e9cole de langue fran\u00e7aise se voit attribuer une, deux ou trois \u00e9toiles (trois \u00e9toiles \u00e9tant la meilleure notation) pour chacun des cinq domaines.<\/p>\n<p>L&rsquo;<a href=\"https:\/\/www.accord-langues.com\/fr\/choisir-l-ecole-accord-tour-eiffel-a-paris\/\" target=\"_blank\" rel=\"noopener\">\u00e9cole ACCORD Paris<\/a> a \u00e9t\u00e9, en 2007, l\u2019une des toutes premi\u00e8res \u00e9coles \u00e0 avoir obtenu le <a href=\"https:\/\/www.accord-langues.com\/\" target=\"_blank\" rel=\"noopener\">label Qualit\u00e9 FLE<\/a> et <strong>ACCORD a toujours le <a href=\"https:\/\/www.accord-langues.com\/fr\/ecole-accord-labellisee-pour-la-cinquieme-fois\/\" target=\"_blank\" rel=\"noopener\">label Qualit\u00e9 FLE<\/a> avec la meilleure note dans tous les domaines !<\/strong><\/p>\n<div id='gallery-1' class='gallery galleryid-8790 gallery-columns-1 gallery-size-medium'><figure class='gallery-item'>\n\t\t\t<div class='gallery-icon landscape'>\n\t\t\t\t<a href='https:\/\/www.accord-langues.com\/fr\/sejour-linguistique-labellise-qualite-fle\/acoord_-logo_fle_criteres_19\/'><img decoding=\"async\" width=\"300\" height=\"208\" src=\"https:\/\/www.accord-langues.com\/wp-content\/uploads\/2020\/02\/Acoord_-logo_fle_criteres_19-300x208.jpg\" class=\"attachment-medium size-medium\" alt=\"S\u00e9jour linguistique labellis\u00e9 Qualit\u00e9 FLE\" srcset=\"https:\/\/www.accord-langues.com\/wp-content\/uploads\/2020\/02\/Acoord_-logo_fle_criteres_19-300x208.jpg 300w, https:\/\/www.accord-langues.com\/wp-content\/uploads\/2020\/02\/Acoord_-logo_fle_criteres_19-768x532.jpg 768w, https:\/\/www.accord-langues.com\/wp-content\/uploads\/2020\/02\/Acoord_-logo_fle_criteres_19-1024x710.jpg 1024w, https:\/\/www.accord-langues.com\/wp-content\/uploads\/2020\/02\/Acoord_-logo_fle_criteres_19.jpg 1069w\" sizes=\"(max-width: 300px) 100vw, 300px\" title=\"S\u00e9jour linguistique labellis\u00e9 Qualit\u00e9 FLE\" \/><\/a>\n\t\t\t<\/div><\/figure>\n\t\t<\/div>\n\n<h3><strong>S\u00e9jour linguistique labellis\u00e9 Qualit\u00e9 FLE<\/strong><\/h3>\n<p>Pour votre prochain cours de fran\u00e7ais en France, s\u00e9lectionnez donc bien un <a href=\"https:\/\/www.accord-langues.com\/\" target=\"_blank\" rel=\"noopener\">s\u00e9jour linguistique labellis\u00e9 Qualit\u00e9 FLE<\/a>.<\/p>\n<p>Quels sont les avantages de choisir <a href=\"https:\/\/www.accord-langues.com\/fr\/choisir-ecole-de-langue-accord\/\" target=\"_blank\" rel=\"noopener noreferrer\">une \u00e9cole labellis\u00e9e Qualit\u00e9 FLE<\/a> ?<\/p>\n<p>Les \u00e9tudiants qui font appel \u00e0 des \u00e9coles ayant obtenu le <a href=\"https:\/\/www.accord-langues.com\/fr\/label-qualite-fle\/\" target=\"_blank\" rel=\"noopener\">label officiel Qualit\u00e9 FLE<\/a> sont assur\u00e9s d&rsquo;un niveau de service d\u00e9fini par les normes du label Qualit\u00e9.<\/p>\n<p><strong><a href=\"https:\/\/www.accord-langues.com\/fr\/choisir-ecole-de-langue-accord\/\" target=\"_blank\" rel=\"noopener noreferrer\">A l\u2019\u00e9cole ACCORD<\/a> nous offrons cette garantie \u00e0 tous nos \u00e9tudiants, adultes et juniors, car nous sommes engag\u00e9s dans une d\u00e9marche qualit\u00e9 constante, pour toujours proposer <a href=\"https:\/\/www.accord-langues.com\/fr\/sejour-linguistique-scolaire-en-france\/\" target=\"_blank\" rel=\"noopener\">les meilleurs cours et les meilleurs services<\/a>, et vous permettre de vivre un <a href=\"https:\/\/www.accord-langues.com\/fr\/je-recherche-un-sejour-linguistique-de-qualite\/\" target=\"_blank\" rel=\"noopener\">s\u00e9jour linguistique labellis\u00e9 Qualit\u00e9 FLE<\/a> inoubliable.<\/strong><\/p>\n<p>Pour choisir votre s\u00e9jour linguistique labellis\u00e9 \u00ab\u00a0Qualit\u00e9 FLE\u00a0\u00bb, l&rsquo;\u00e9cole ACCORD vous conseille \u00e9galement de consulter les pages suivantes :<br \/>\n\u2022 <a href=\"https:\/\/www.accord-langues.com\/fr\/accreditations-ecole-de-francais\/\" target=\"_blank\" rel=\"noopener noreferrer\">les accr\u00e9ditations et labels de ACCORD<\/a><br \/>\n\u2022 les crit\u00e8res du Label Qualit\u00e9 FLE<\/p>\n<p><strong>Pour votre prochain cours de fran\u00e7ais en France, s\u00e9lectionnez bien un s\u00e9jour linguistique labellis\u00e9 Qualit\u00e9 FLE.<\/strong><\/p>\n<p>:::::::::::::<\/p>\n<p><strong>Suivez-nous ici:<\/strong><\/p>\n<ul>\n<li><a href=\"https:\/\/www.facebook.com\/accordecoledelangues\" target=\"_blank\" rel=\"noopener\">ACCORD Paris sur Facebook<\/a><\/li>\n<li>ACCORD Paris sur Tripadvisor<\/li>\n<li><a href=\"https:\/\/www.linkedin.com\/groups\/4542133\/\" target=\"_blank\" rel=\"noopener\">ACCORD Language Schools sur Linkedin<\/a><\/li>\n<li><a href=\"https:\/\/www.facebook.com\/AccordInternationalSummerSchool\/\" target=\"_blank\" rel=\"noopener\">ACCORD ISS sur Facebook<\/a><\/li>\n<li><a href=\"https:\/\/www.facebook.com\/PSGAcademyENG\/\" target=\"_blank\" rel=\"noopener\">Paris Saint-Germain Academy England<\/a><\/li>\n<li><a href=\"https:\/\/www.french-paris.com\/\" target=\"_blank\" rel=\"noopener\">French-Paris<\/a><\/li>\n<li><a href=\"https:\/\/twitter.com\/FrenchParisFP\" target=\"_blank\" rel=\"noopener\">French-Paris sur X \u2013 Twitter<\/a><\/li>\n<li><a href=\"https:\/\/www.facebook.com\/login\/?next=https%3A%2F%2Fwww.facebook.com%2FFrenchCourseParis\" target=\"_blank\" rel=\"noopener\">French-Paris sur Facebook<\/a><\/li>\n<li><a href=\"https:\/\/mastodon.social\/@FrenchParis\" target=\"_blank\" rel=\"noopener\">French-Paris sur Mastodon<\/a><\/li>\n<li><a href=\"https:\/\/twitter.com\/ParisMove\" target=\"_blank\" rel=\"noopener\">Paris-Move sur X \u2013 Twitter<\/a><\/li>\n<li><a href=\"https:\/\/www.paris-move.com\/blog\/\" target=\"_blank\" rel=\"noopener\">PARIS-MOVE<\/a><\/li>\n<li><a href=\"https:\/\/www.activelanguages.co.uk\/\" target=\"_blank\" rel=\"noopener\">Active Languages Translation<\/a><\/li>\n<li><a class=\"x1i10hfl xjbqb8w x6umtig x1b1mbwd xaqea5y xav7gou x9f619 x1ypdohk xt0psk2 xe8uvvx xdj266r x11i5rnm xat24cr x1mh8g0r xexx8yu x4uap5 x18d9i69 xkhd6sd x16tdsg8 x1hl2dhg xggy1nq x1a2a7pz x1heor9g xt0b8zv\" tabindex=\"\" role=\"link\" href=\"https:\/\/www.facebook.com\/login\/?next=https%3A%2F%2Fwww.facebook.com%2FStudyFrenchinFrance%2F\" target=\"_blank\" rel=\"noopener\"><span class=\"x193iq5w xeuugli x13faqbe x1vvkbs x1xmvt09 x1lliihq x1s928wv xhkezso x1gmr53x x1cpjm7i x1fgarty x1943h6x xtoi2st x3x7a5m x1603h9y x1u7k74 x1xlr1w8 xzsf02u\" dir=\"auto\">Study French in France<\/span><\/a><\/li>\n<li><a href=\"https:\/\/www.paris-junior.com\/\" target=\"_blank\" rel=\"noopener\">Paris-Junior<\/a><\/li>\n<li><a href=\"https:\/\/www.facebook.com\/profile.php?id=61554096872127\" target=\"_blank\" rel=\"noopener\">Paris-Junior on Facebook<\/a><\/li>\n<li><a href=\"https:\/\/examensparis.fr\/\" target=\"_blank\" rel=\"noopener\">Centre d\u2019examens TCF \u00e0 Paris<\/a><\/li>\n<\/ul>\n","protected":false},"excerpt":{"rendered":"<p>S\u00e9jour linguistique labellis\u00e9 Qualit\u00e9 FLE Vous cherchez une bonne \u00e9cole de fran\u00e7ais ? Vous cherchez un cours de fran\u00e7ais de [&hellip;]<\/p>\n","protected":false},"author":10,"featured_media":8816,"comment_status":"closed","ping_status":"closed","sticky":false,"template":"","format":"standard","meta":{"_acf_changed":false,"footnotes":""},"categories":[10660],"tags":[10128,10574,10573,10572],"class_list":["post-8790","post","type-post","status-publish","format-standard","has-post-thumbnail","hentry","category-cours-de-francais-en-france","tag-accord","tag-qualite-fle-fr","tag-sejour-linguistique-labellise","tag-sejour-linguistique-labellise-qualite-fle"],"acf":[],"yoast_head":"<!-- This site is optimized with the Yoast SEO Premium plugin v27.5 (Yoast SEO v27.5) - https:\/\/yoast.com\/product\/yoast-seo-premium-wordpress\/ -->\n<title>S\u00e9jour linguistique labellis\u00e9 Qualit\u00e9 FLE - Accord Paris<\/title>\n<meta name=\"description\" content=\"Pour votre prochain cours de fran\u00e7ais en France, s\u00e9lectionnez un s\u00e9jour linguistique labellis\u00e9 &quot;Qualit\u00e9 FLE&quot; et venez \u00e0 ACCORD Paris, une \u00e9cole labellis\u00e9e.\" \/>\n<meta name=\"robots\" content=\"index, follow, max-snippet:-1, max-image-preview:large, max-video-preview:-1\" \/>\n<link rel=\"canonical\" href=\"https:\/\/www.accord-langues.com\/fr\/sejour-linguistique-labellise-qualite-fle\/\" \/>\n<meta property=\"og:locale\" content=\"fr_FR\" \/>\n<meta property=\"og:type\" content=\"article\" \/>\n<meta property=\"og:title\" content=\"S\u00e9jour linguistique labellis\u00e9 Qualit\u00e9 FLE\" \/>\n<meta property=\"og:description\" content=\"Pour votre prochain cours de fran\u00e7ais en France, s\u00e9lectionnez un s\u00e9jour linguistique labellis\u00e9 &quot;Qualit\u00e9 FLE&quot; et venez \u00e0 ACCORD Paris, une \u00e9cole labellis\u00e9e.\" \/>\n<meta property=\"og:url\" content=\"https:\/\/www.accord-langues.com\/fr\/sejour-linguistique-labellise-qualite-fle\/\" \/>\n<meta property=\"og:site_name\" content=\"Accord Paris\" \/>\n<meta property=\"article:publisher\" content=\"https:\/\/www.facebook.com\/accordecoledelangues\" \/>\n<meta property=\"article:published_time\" content=\"2020-02-06T12:29:04+00:00\" \/>\n<meta property=\"article:modified_time\" content=\"2026-02-01T14:25:28+00:00\" \/>\n<meta property=\"og:image\" content=\"https:\/\/www.accord-langues.com\/wp-content\/uploads\/2020\/02\/ACCORD-40-001.jpg\" \/>\n\t<meta property=\"og:image:width\" content=\"1600\" \/>\n\t<meta property=\"og:image:height\" content=\"1067\" \/>\n\t<meta property=\"og:image:type\" content=\"image\/jpeg\" \/>\n<meta name=\"author\" content=\"Fran\u00e7ois PFEIFFER\" \/>\n<meta name=\"twitter:card\" content=\"summary_large_image\" \/>\n<meta name=\"twitter:label1\" content=\"\u00c9crit par\" \/>\n\t<meta name=\"twitter:data1\" content=\"Fran\u00e7ois PFEIFFER\" \/>\n\t<meta name=\"twitter:label2\" content=\"Dur\u00e9e de lecture estim\u00e9e\" \/>\n\t<meta name=\"twitter:data2\" content=\"3 minutes\" \/>\n<script type=\"application\/ld+json\" class=\"yoast-schema-graph\">{\"@context\":\"https:\\\/\\\/schema.org\",\"@graph\":[{\"@type\":\"Article\",\"@id\":\"https:\\\/\\\/www.accord-langues.com\\\/fr\\\/sejour-linguistique-labellise-qualite-fle\\\/#article\",\"isPartOf\":{\"@id\":\"https:\\\/\\\/www.accord-langues.com\\\/fr\\\/sejour-linguistique-labellise-qualite-fle\\\/\"},\"author\":{\"name\":\"Fran\u00e7ois PFEIFFER\",\"@id\":\"https:\\\/\\\/www.accord-langues.com\\\/fr\\\/#\\\/schema\\\/person\\\/094b7403ccd70c90f43907c2f18fcd5c\"},\"headline\":\"S\u00e9jour linguistique labellis\u00e9 Qualit\u00e9 FLE\",\"datePublished\":\"2020-02-06T12:29:04+00:00\",\"dateModified\":\"2026-02-01T14:25:28+00:00\",\"mainEntityOfPage\":{\"@id\":\"https:\\\/\\\/www.accord-langues.com\\\/fr\\\/sejour-linguistique-labellise-qualite-fle\\\/\"},\"wordCount\":617,\"publisher\":{\"@id\":\"https:\\\/\\\/www.accord-langues.com\\\/fr\\\/#organization\"},\"image\":{\"@id\":\"https:\\\/\\\/www.accord-langues.com\\\/fr\\\/sejour-linguistique-labellise-qualite-fle\\\/#primaryimage\"},\"thumbnailUrl\":\"https:\\\/\\\/www.accord-langues.com\\\/wp-content\\\/uploads\\\/2020\\\/02\\\/ACCORD-40-001.jpg\",\"keywords\":[\"ACCORD\",\"Qualit\u00e9 FLE\",\"S\u00e9jour linguistique labellis\u00e9\",\"S\u00e9jour linguistique labellis\u00e9 Qualit\u00e9 FLE\"],\"articleSection\":[\"cours de fran\u00e7ais en France\"],\"inLanguage\":\"fr-FR\"},{\"@type\":\"WebPage\",\"@id\":\"https:\\\/\\\/www.accord-langues.com\\\/fr\\\/sejour-linguistique-labellise-qualite-fle\\\/\",\"url\":\"https:\\\/\\\/www.accord-langues.com\\\/fr\\\/sejour-linguistique-labellise-qualite-fle\\\/\",\"name\":\"S\u00e9jour linguistique labellis\u00e9 Qualit\u00e9 FLE - Accord Paris\",\"isPartOf\":{\"@id\":\"https:\\\/\\\/www.accord-langues.com\\\/fr\\\/#website\"},\"primaryImageOfPage\":{\"@id\":\"https:\\\/\\\/www.accord-langues.com\\\/fr\\\/sejour-linguistique-labellise-qualite-fle\\\/#primaryimage\"},\"image\":{\"@id\":\"https:\\\/\\\/www.accord-langues.com\\\/fr\\\/sejour-linguistique-labellise-qualite-fle\\\/#primaryimage\"},\"thumbnailUrl\":\"https:\\\/\\\/www.accord-langues.com\\\/wp-content\\\/uploads\\\/2020\\\/02\\\/ACCORD-40-001.jpg\",\"datePublished\":\"2020-02-06T12:29:04+00:00\",\"dateModified\":\"2026-02-01T14:25:28+00:00\",\"description\":\"Pour votre prochain cours de fran\u00e7ais en France, s\u00e9lectionnez un s\u00e9jour linguistique labellis\u00e9 \\\"Qualit\u00e9 FLE\\\" et venez \u00e0 ACCORD Paris, une \u00e9cole labellis\u00e9e.\",\"inLanguage\":\"fr-FR\",\"potentialAction\":[{\"@type\":\"ReadAction\",\"target\":[\"https:\\\/\\\/www.accord-langues.com\\\/fr\\\/sejour-linguistique-labellise-qualite-fle\\\/\"]}]},{\"@type\":\"ImageObject\",\"inLanguage\":\"fr-FR\",\"@id\":\"https:\\\/\\\/www.accord-langues.com\\\/fr\\\/sejour-linguistique-labellise-qualite-fle\\\/#primaryimage\",\"url\":\"https:\\\/\\\/www.accord-langues.com\\\/wp-content\\\/uploads\\\/2020\\\/02\\\/ACCORD-40-001.jpg\",\"contentUrl\":\"https:\\\/\\\/www.accord-langues.com\\\/wp-content\\\/uploads\\\/2020\\\/02\\\/ACCORD-40-001.jpg\",\"width\":1600,\"height\":1067,\"caption\":\"S\u00e9jour linguistique labellis\u00e9 Qualit\u00e9 FLE\"},{\"@type\":\"WebSite\",\"@id\":\"https:\\\/\\\/www.accord-langues.com\\\/fr\\\/#website\",\"url\":\"https:\\\/\\\/www.accord-langues.com\\\/fr\\\/\",\"name\":\"Accord Paris\",\"description\":\"Learn French in France\",\"publisher\":{\"@id\":\"https:\\\/\\\/www.accord-langues.com\\\/fr\\\/#organization\"},\"potentialAction\":[{\"@type\":\"SearchAction\",\"target\":{\"@type\":\"EntryPoint\",\"urlTemplate\":\"https:\\\/\\\/www.accord-langues.com\\\/fr\\\/?s={search_term_string}\"},\"query-input\":{\"@type\":\"PropertyValueSpecification\",\"valueRequired\":true,\"valueName\":\"search_term_string\"}}],\"inLanguage\":\"fr-FR\"},{\"@type\":\"Organization\",\"@id\":\"https:\\\/\\\/www.accord-langues.com\\\/fr\\\/#organization\",\"name\":\"ACCORD Tour Eiffel\",\"alternateName\":\"Learn French in Paris\",\"url\":\"https:\\\/\\\/www.accord-langues.com\\\/fr\\\/\",\"logo\":{\"@type\":\"ImageObject\",\"inLanguage\":\"fr-FR\",\"@id\":\"https:\\\/\\\/www.accord-langues.com\\\/fr\\\/#\\\/schema\\\/logo\\\/image\\\/\",\"url\":\"https:\\\/\\\/www.accord-langues.com\\\/wp-content\\\/uploads\\\/2016\\\/06\\\/Logo.png\",\"contentUrl\":\"https:\\\/\\\/www.accord-langues.com\\\/wp-content\\\/uploads\\\/2016\\\/06\\\/Logo.png\",\"width\":290,\"height\":70,\"caption\":\"ACCORD Tour Eiffel\"},\"image\":{\"@id\":\"https:\\\/\\\/www.accord-langues.com\\\/fr\\\/#\\\/schema\\\/logo\\\/image\\\/\"},\"sameAs\":[\"https:\\\/\\\/www.facebook.com\\\/accordecoledelangues\",\"https:\\\/\\\/www.linkedin.com\\\/groups\\\/4542133\\\/\"],\"description\":\"ACCORD French Language School is one of the leading schools in France for teaching French to foreign students and offering high quality French language courses in Paris. The ACCORD language school is located in the heart of Paris, nearby the Eiffel Tower. The ACCORD school is open all year round and welcomes students from all over the world from the age of 16 in its French language courses. ACCORD school is accredited by the official \u201cQualit\u00e9 FLE\u201d label and is member of CAMPUS FRANCE, SOUFFLE and Atout France. ACCORD is official exam center for the TCF IRN, TCF TP, TCF Qu\u00e9bec and TCF Canada.\",\"email\":\"info@accord-langues.com\",\"telephone\":\"+33155335233\",\"legalName\":\"FORUM ACCORD\",\"foundingDate\":\"1990-02-23\",\"numberOfEmployees\":{\"@type\":\"QuantitativeValue\",\"minValue\":\"11\",\"maxValue\":\"50\"}},{\"@type\":\"Person\",\"@id\":\"https:\\\/\\\/www.accord-langues.com\\\/fr\\\/#\\\/schema\\\/person\\\/094b7403ccd70c90f43907c2f18fcd5c\",\"name\":\"Fran\u00e7ois PFEIFFER\",\"url\":\"https:\\\/\\\/www.accord-langues.com\\\/fr\\\/author\\\/ffpnat-21-05\\\/\"}]}<\/script>\n<!-- \/ Yoast SEO Premium plugin. -->","yoast_head_json":{"title":"S\u00e9jour linguistique labellis\u00e9 Qualit\u00e9 FLE - Accord Paris","description":"Pour votre prochain cours de fran\u00e7ais en France, s\u00e9lectionnez un s\u00e9jour linguistique labellis\u00e9 \"Qualit\u00e9 FLE\" et venez \u00e0 ACCORD Paris, une \u00e9cole labellis\u00e9e.","robots":{"index":"index","follow":"follow","max-snippet":"max-snippet:-1","max-image-preview":"max-image-preview:large","max-video-preview":"max-video-preview:-1"},"canonical":"https:\/\/www.accord-langues.com\/fr\/sejour-linguistique-labellise-qualite-fle\/","og_locale":"fr_FR","og_type":"article","og_title":"S\u00e9jour linguistique labellis\u00e9 Qualit\u00e9 FLE","og_description":"Pour votre prochain cours de fran\u00e7ais en France, s\u00e9lectionnez un s\u00e9jour linguistique labellis\u00e9 \"Qualit\u00e9 FLE\" et venez \u00e0 ACCORD Paris, une \u00e9cole labellis\u00e9e.","og_url":"https:\/\/www.accord-langues.com\/fr\/sejour-linguistique-labellise-qualite-fle\/","og_site_name":"Accord Paris","article_publisher":"https:\/\/www.facebook.com\/accordecoledelangues","article_published_time":"2020-02-06T12:29:04+00:00","article_modified_time":"2026-02-01T14:25:28+00:00","og_image":[{"width":1600,"height":1067,"url":"https:\/\/www.accord-langues.com\/wp-content\/uploads\/2020\/02\/ACCORD-40-001.jpg","type":"image\/jpeg"}],"author":"Fran\u00e7ois PFEIFFER","twitter_card":"summary_large_image","twitter_misc":{"\u00c9crit par":"Fran\u00e7ois PFEIFFER","Dur\u00e9e de lecture estim\u00e9e":"3 minutes"},"schema":{"@context":"https:\/\/schema.org","@graph":[{"@type":"Article","@id":"https:\/\/www.accord-langues.com\/fr\/sejour-linguistique-labellise-qualite-fle\/#article","isPartOf":{"@id":"https:\/\/www.accord-langues.com\/fr\/sejour-linguistique-labellise-qualite-fle\/"},"author":{"name":"Fran\u00e7ois PFEIFFER","@id":"https:\/\/www.accord-langues.com\/fr\/#\/schema\/person\/094b7403ccd70c90f43907c2f18fcd5c"},"headline":"S\u00e9jour linguistique labellis\u00e9 Qualit\u00e9 FLE","datePublished":"2020-02-06T12:29:04+00:00","dateModified":"2026-02-01T14:25:28+00:00","mainEntityOfPage":{"@id":"https:\/\/www.accord-langues.com\/fr\/sejour-linguistique-labellise-qualite-fle\/"},"wordCount":617,"publisher":{"@id":"https:\/\/www.accord-langues.com\/fr\/#organization"},"image":{"@id":"https:\/\/www.accord-langues.com\/fr\/sejour-linguistique-labellise-qualite-fle\/#primaryimage"},"thumbnailUrl":"https:\/\/www.accord-langues.com\/wp-content\/uploads\/2020\/02\/ACCORD-40-001.jpg","keywords":["ACCORD","Qualit\u00e9 FLE","S\u00e9jour linguistique labellis\u00e9","S\u00e9jour linguistique labellis\u00e9 Qualit\u00e9 FLE"],"articleSection":["cours de fran\u00e7ais en France"],"inLanguage":"fr-FR"},{"@type":"WebPage","@id":"https:\/\/www.accord-langues.com\/fr\/sejour-linguistique-labellise-qualite-fle\/","url":"https:\/\/www.accord-langues.com\/fr\/sejour-linguistique-labellise-qualite-fle\/","name":"S\u00e9jour linguistique labellis\u00e9 Qualit\u00e9 FLE - Accord Paris","isPartOf":{"@id":"https:\/\/www.accord-langues.com\/fr\/#website"},"primaryImageOfPage":{"@id":"https:\/\/www.accord-langues.com\/fr\/sejour-linguistique-labellise-qualite-fle\/#primaryimage"},"image":{"@id":"https:\/\/www.accord-langues.com\/fr\/sejour-linguistique-labellise-qualite-fle\/#primaryimage"},"thumbnailUrl":"https:\/\/www.accord-langues.com\/wp-content\/uploads\/2020\/02\/ACCORD-40-001.jpg","datePublished":"2020-02-06T12:29:04+00:00","dateModified":"2026-02-01T14:25:28+00:00","description":"Pour votre prochain cours de fran\u00e7ais en France, s\u00e9lectionnez un s\u00e9jour linguistique labellis\u00e9 \"Qualit\u00e9 FLE\" et venez \u00e0 ACCORD Paris, une \u00e9cole labellis\u00e9e.","inLanguage":"fr-FR","potentialAction":[{"@type":"ReadAction","target":["https:\/\/www.accord-langues.com\/fr\/sejour-linguistique-labellise-qualite-fle\/"]}]},{"@type":"ImageObject","inLanguage":"fr-FR","@id":"https:\/\/www.accord-langues.com\/fr\/sejour-linguistique-labellise-qualite-fle\/#primaryimage","url":"https:\/\/www.accord-langues.com\/wp-content\/uploads\/2020\/02\/ACCORD-40-001.jpg","contentUrl":"https:\/\/www.accord-langues.com\/wp-content\/uploads\/2020\/02\/ACCORD-40-001.jpg","width":1600,"height":1067,"caption":"S\u00e9jour linguistique labellis\u00e9 Qualit\u00e9 FLE"},{"@type":"WebSite","@id":"https:\/\/www.accord-langues.com\/fr\/#website","url":"https:\/\/www.accord-langues.com\/fr\/","name":"Accord Paris","description":"Learn French in France","publisher":{"@id":"https:\/\/www.accord-langues.com\/fr\/#organization"},"potentialAction":[{"@type":"SearchAction","target":{"@type":"EntryPoint","urlTemplate":"https:\/\/www.accord-langues.com\/fr\/?s={search_term_string}"},"query-input":{"@type":"PropertyValueSpecification","valueRequired":true,"valueName":"search_term_string"}}],"inLanguage":"fr-FR"},{"@type":"Organization","@id":"https:\/\/www.accord-langues.com\/fr\/#organization","name":"ACCORD Tour Eiffel","alternateName":"Learn French in Paris","url":"https:\/\/www.accord-langues.com\/fr\/","logo":{"@type":"ImageObject","inLanguage":"fr-FR","@id":"https:\/\/www.accord-langues.com\/fr\/#\/schema\/logo\/image\/","url":"https:\/\/www.accord-langues.com\/wp-content\/uploads\/2016\/06\/Logo.png","contentUrl":"https:\/\/www.accord-langues.com\/wp-content\/uploads\/2016\/06\/Logo.png","width":290,"height":70,"caption":"ACCORD Tour Eiffel"},"image":{"@id":"https:\/\/www.accord-langues.com\/fr\/#\/schema\/logo\/image\/"},"sameAs":["https:\/\/www.facebook.com\/accordecoledelangues","https:\/\/www.linkedin.com\/groups\/4542133\/"],"description":"ACCORD French Language School is one of the leading schools in France for teaching French to foreign students and offering high quality French language courses in Paris. The ACCORD language school is located in the heart of Paris, nearby the Eiffel Tower. The ACCORD school is open all year round and welcomes students from all over the world from the age of 16 in its French language courses. ACCORD school is accredited by the official \u201cQualit\u00e9 FLE\u201d label and is member of CAMPUS FRANCE, SOUFFLE and Atout France. ACCORD is official exam center for the TCF IRN, TCF TP, TCF Qu\u00e9bec and TCF Canada.","email":"info@accord-langues.com","telephone":"+33155335233","legalName":"FORUM ACCORD","foundingDate":"1990-02-23","numberOfEmployees":{"@type":"QuantitativeValue","minValue":"11","maxValue":"50"}},{"@type":"Person","@id":"https:\/\/www.accord-langues.com\/fr\/#\/schema\/person\/094b7403ccd70c90f43907c2f18fcd5c","name":"Fran\u00e7ois PFEIFFER","url":"https:\/\/www.accord-langues.com\/fr\/author\/ffpnat-21-05\/"}]}},"_links":{"self":[{"href":"https:\/\/www.accord-langues.com\/fr\/wp-json\/wp\/v2\/posts\/8790","targetHints":{"allow":["GET"]}}],"collection":[{"href":"https:\/\/www.accord-langues.com\/fr\/wp-json\/wp\/v2\/posts"}],"about":[{"href":"https:\/\/www.accord-langues.com\/fr\/wp-json\/wp\/v2\/types\/post"}],"author":[{"embeddable":true,"href":"https:\/\/www.accord-langues.com\/fr\/wp-json\/wp\/v2\/users\/10"}],"replies":[{"embeddable":true,"href":"https:\/\/www.accord-langues.com\/fr\/wp-json\/wp\/v2\/comments?post=8790"}],"version-history":[{"count":2,"href":"https:\/\/www.accord-langues.com\/fr\/wp-json\/wp\/v2\/posts\/8790\/revisions"}],"predecessor-version":[{"id":25966,"href":"https:\/\/www.accord-langues.com\/fr\/wp-json\/wp\/v2\/posts\/8790\/revisions\/25966"}],"wp:featuredmedia":[{"embeddable":true,"href":"https:\/\/www.accord-langues.com\/fr\/wp-json\/wp\/v2\/media\/8816"}],"wp:attachment":[{"href":"https:\/\/www.accord-langues.com\/fr\/wp-json\/wp\/v2\/media?parent=8790"}],"wp:term":[{"taxonomy":"category","embeddable":true,"href":"https:\/\/www.accord-langues.com\/fr\/wp-json\/wp\/v2\/categories?post=8790"},{"taxonomy":"post_tag","embeddable":true,"href":"https:\/\/www.accord-langues.com\/fr\/wp-json\/wp\/v2\/tags?post=8790"}],"curies":[{"name":"wp","href":"https:\/\/api.w.org\/{rel}","templated":true}]}}