{"id":25241,"date":"2025-04-18T15:16:41","date_gmt":"2025-04-18T14:16:41","guid":{"rendered":"https:\/\/www.accord-langues.com\/?p=25241"},"modified":"2025-12-20T09:20:35","modified_gmt":"2025-12-20T09:20:35","slug":"programme-culturel-aux-etudiants-de-accord","status":"publish","type":"post","link":"https:\/\/www.accord-langues.com\/fr\/programme-culturel-aux-etudiants-de-accord\/","title":{"rendered":"Programme culturel propos\u00e9 aux \u00e9tudiants de ACCORD"},"content":{"rendered":"<p><strong>Le partenariat r\u00e9alis\u00e9 par l&rsquo;<a href=\"https:\/\/www.accord-langues.com\/\" target=\"_blank\" rel=\"noopener\">\u00e9cole de fran\u00e7ais<\/a> ACCORD avec l&rsquo;agence GET YOUR GUIDE permet \u00e0 tous les \u00e9tudiants de l&rsquo;\u00e9cole de participer aux visites et au programme culturel propos\u00e9s par cette agence dont le bureau est situ\u00e9 \u00e0 deux minutes de l&rsquo;\u00e9cole, 62 avenue de Suffren.<\/strong><\/p>\n<p>Les \u00e9tudiants peuvent ainsi, en compl\u00e9ment de leur <a href=\"https:\/\/www.accord-langues.com\/fr\/cours-intensif-de-francais-en-france-a-paris\/\" target=\"_blank\" rel=\"noopener\">cours de fran\u00e7ais<\/a>, s&rsquo;inscrire \u00e0 des visites de mus\u00e9es ou monuments c\u00e9l\u00e8bres, \u00e0 une croisi\u00e8re sur la Seine ou le canal Saint-Martin, \u00e0 une excursion \u00e0 Giverny, Versailles, Honfleur, ou encore au Mont Saint-Michel ou Disneyland Paris.<\/p>\n<p>Parmi les visites et excusions propos\u00e9es en ce moment:<\/p>\n<ul>\n<li><strong>Croisi\u00e8re sur la Seine<\/strong> au d\u00e9part de la Tour Eiffel, croisi\u00e8re d&rsquo;une heure<\/li>\n<li><strong>Disneyland Paris<\/strong>: billet pour une journ\u00e9e<\/li>\n<li>Billet pour <strong>Disneyland Paris<\/strong> avec transfert<\/li>\n<li><strong>Croisi\u00e8re touristique<\/strong> sur la Seine avec les Bateaux Mouches<\/li>\n<li>Bus \u00e0 arr\u00eats multiples avec croisi\u00e8re optionnelle<\/li>\n<li>Acc\u00e8s R\u00e9serv\u00e9 au <strong>Louvre<\/strong> et Croisi\u00e8re en Bateau<\/li>\n<li><strong>Sainte-Chapelle et Conciergerie<\/strong>: Billets combin\u00e9s<\/li>\n<li><strong>Palais de Versailles et les jardins<\/strong>: Billet Full Access<\/li>\n<li><strong>Croisi\u00e8re sur la Seine en soir\u00e9e, avec musique<\/strong><\/li>\n<li>Billet d&rsquo;entr\u00e9e \u00e0 l&rsquo;<strong>Op\u00e9ra Garnier<\/strong><\/li>\n<li><strong>Concert de musique classique<\/strong> \u00e0 Saint-Julien-le-Pauvre<\/li>\n<li><strong>D\u00eener-spectacle au Moulin Rouge<\/strong><\/li>\n<li>Billets de <strong>concerts de musique classique<\/strong> dans les \u00e9glises parisiennes<\/li>\n<li>Billets d&rsquo;entr\u00e9e au <strong>mus\u00e9e d&rsquo;Orsay<\/strong><\/li>\n<li><strong>Visite guid\u00e9e du mus\u00e9e d&rsquo;Orsay<\/strong> avec options<\/li>\n<li>Croisi\u00e8re sur le <strong>canal Saint-Martin<\/strong> et la Seine<\/li>\n<li>Excursion d&rsquo;une demi-journ\u00e9e \u00e0 Giverny, <strong>la maison et les jardins de Monet<\/strong><\/li>\n<li>Excursion d&rsquo;une journ\u00e9e dans les <strong>jardins de Giverny<\/strong> avec un guide professionnel<\/li>\n<li><strong>Honfleur<\/strong> : Excursion priv\u00e9e \u00e0 bord des jardins de Giverny et de Honfleur<\/li>\n<li>Excursion \u00e0 <strong>Giverny et Versailles<\/strong> avec d\u00e9jeuner<\/li>\n<li><strong>Normandie<\/strong> : Visite guid\u00e9e des falaises d&rsquo;\u00c9tretat<\/li>\n<li>Excursion au <strong>Mont-Saint-Michel<\/strong> depuis Paris<\/li>\n<li>&#8230; et d&rsquo;autres encore&#8230;<\/li>\n<\/ul>\n<p>Ce partenariat r\u00e9alis\u00e9 par l&rsquo;<a href=\"https:\/\/www.accord-langues.com\/\" target=\"_blank\" rel=\"noopener\">\u00e9cole de fran\u00e7ais<\/a> ACCORD avec l&rsquo;agence GET YOUR GUIDE est affich\u00e9 dans toute l&rsquo;\u00e9cole:<\/p>\n<div id='gallery-1' class='gallery galleryid-25241 gallery-columns-1 gallery-size-large'><figure class='gallery-item'>\n\t\t\t<div class='gallery-icon landscape'>\n\t\t\t\t<a href='https:\/\/www.accord-langues.com\/wp-content\/uploads\/2025\/04\/Get-your-guide-affichette-francais.png'><img decoding=\"async\" width=\"640\" height=\"366\" src=\"https:\/\/www.accord-langues.com\/wp-content\/uploads\/2025\/04\/Get-your-guide-affichette-francais-1024x585.png\" class=\"attachment-large size-large\" alt=\"Programme de visites et d&#039;excursions\" srcset=\"https:\/\/www.accord-langues.com\/wp-content\/uploads\/2025\/04\/Get-your-guide-affichette-francais-1024x585.png 1024w, https:\/\/www.accord-langues.com\/wp-content\/uploads\/2025\/04\/Get-your-guide-affichette-francais-300x171.png 300w, https:\/\/www.accord-langues.com\/wp-content\/uploads\/2025\/04\/Get-your-guide-affichette-francais-768x439.png 768w, https:\/\/www.accord-langues.com\/wp-content\/uploads\/2025\/04\/Get-your-guide-affichette-francais.png 1050w\" sizes=\"(max-width: 640px) 100vw, 640px\" title=\"Programme culturel propos\u00e9 aux \u00e9tudiants de l&#039;\u00e9cole ACCORD\" \/><\/a>\n\t\t\t<\/div><\/figure><figure class='gallery-item'>\n\t\t\t<div class='gallery-icon landscape'>\n\t\t\t\t<a href='https:\/\/www.accord-langues.com\/wp-content\/uploads\/2025\/04\/Get-your-guide-affichette-anglais.png'><img decoding=\"async\" width=\"640\" height=\"366\" src=\"https:\/\/www.accord-langues.com\/wp-content\/uploads\/2025\/04\/Get-your-guide-affichette-anglais-1024x585.png\" class=\"attachment-large size-large\" alt=\"Programme culturel propos\u00e9 aux \u00e9tudiants de ACCORD\" srcset=\"https:\/\/www.accord-langues.com\/wp-content\/uploads\/2025\/04\/Get-your-guide-affichette-anglais-1024x585.png 1024w, https:\/\/www.accord-langues.com\/wp-content\/uploads\/2025\/04\/Get-your-guide-affichette-anglais-300x171.png 300w, https:\/\/www.accord-langues.com\/wp-content\/uploads\/2025\/04\/Get-your-guide-affichette-anglais-768x439.png 768w, https:\/\/www.accord-langues.com\/wp-content\/uploads\/2025\/04\/Get-your-guide-affichette-anglais.png 1050w\" sizes=\"(max-width: 640px) 100vw, 640px\" title=\"Programme culturel aux \u00e9tudiants de ACCORD\" \/><\/a>\n\t\t\t<\/div><\/figure>\n\t\t<\/div>\n\n<p><strong>Pour participer \u00e0 ce programme culturel, les \u00e9tudiants doivent \u00eatre inscrits dans un <a href=\"https:\/\/www.accord-langues.com\/fr\/cours-de-francais-pour-adulte-en-france\/\" target=\"_blank\" rel=\"noopener\">cours de fran\u00e7ais<\/a> intensif ou semi-intensif propos\u00e9 par l&rsquo;\u00e9cole ACCORD Paris.<\/strong><\/p>\n<p>Pour en savoir plus sur nos <a href=\"https:\/\/www.accord-langues.com\/fr\/apprendre-le-francais-en-vacances-en-france\/\" target=\"_blank\" rel=\"noopener\">cours de fran\u00e7ais en France<\/a>:\u00a0 <a href=\"https:\/\/www.accord-langues.com\/fr\/nous-contacter-contacter-accord-paris\/\" target=\"_blank\" rel=\"noopener\">contactez ACCORD Paris<\/a><\/p>\n<p>&nbsp;<\/p>\n","protected":false},"excerpt":{"rendered":"<p>Le partenariat r\u00e9alis\u00e9 par l&rsquo;\u00e9cole de fran\u00e7ais ACCORD avec l&rsquo;agence GET YOUR GUIDE permet \u00e0 tous les \u00e9tudiants de l&rsquo;\u00e9cole de participer aux visites et au programme culturel propos\u00e9s par cette agence.<\/p>\n","protected":false},"author":10,"featured_media":25261,"comment_status":"closed","ping_status":"closed","sticky":false,"template":"","format":"standard","meta":{"_acf_changed":false,"footnotes":""},"categories":[10660],"tags":[],"class_list":["post-25241","post","type-post","status-publish","format-standard","has-post-thumbnail","hentry","category-cours-de-francais-en-france"],"acf":[],"yoast_head":"<!-- This site is optimized with the Yoast SEO Premium plugin v27.5 (Yoast SEO v27.5) - https:\/\/yoast.com\/product\/yoast-seo-premium-wordpress\/ -->\n<title>Programme culturel propos\u00e9 aux \u00e9tudiants de ACCORD - Accord Paris<\/title>\n<meta name=\"description\" content=\"Tous les \u00e9tudiants de l&#039;\u00e9cole ACCORD Paris peuvent participer aux visites et au programme culturel propos\u00e9s par l&#039;agence GET YOUR GUIDE.\" \/>\n<meta name=\"robots\" content=\"index, follow, max-snippet:-1, max-image-preview:large, max-video-preview:-1\" \/>\n<link rel=\"canonical\" href=\"https:\/\/www.accord-langues.com\/fr\/programme-culturel-aux-etudiants-de-accord\/\" \/>\n<meta property=\"og:locale\" content=\"fr_FR\" \/>\n<meta property=\"og:type\" content=\"article\" \/>\n<meta property=\"og:title\" content=\"Programme culturel propos\u00e9 aux \u00e9tudiants de ACCORD\" \/>\n<meta property=\"og:description\" content=\"Tous les \u00e9tudiants de l&#039;\u00e9cole ACCORD Paris peuvent participer aux visites et au programme culturel propos\u00e9s par l&#039;agence GET YOUR GUIDE.\" \/>\n<meta property=\"og:url\" content=\"https:\/\/www.accord-langues.com\/fr\/programme-culturel-aux-etudiants-de-accord\/\" \/>\n<meta property=\"og:site_name\" content=\"Accord Paris\" \/>\n<meta property=\"article:publisher\" content=\"https:\/\/www.facebook.com\/accordecoledelangues\" \/>\n<meta property=\"article:published_time\" content=\"2025-04-18T14:16:41+00:00\" \/>\n<meta property=\"article:modified_time\" content=\"2025-12-20T09:20:35+00:00\" \/>\n<meta property=\"og:image\" content=\"https:\/\/www.accord-langues.com\/wp-content\/uploads\/2025\/04\/ACCORD-French-Language-School-Paris.jpg\" \/>\n\t<meta property=\"og:image:width\" content=\"1711\" \/>\n\t<meta property=\"og:image:height\" content=\"1235\" \/>\n\t<meta property=\"og:image:type\" content=\"image\/jpeg\" \/>\n<meta name=\"author\" content=\"Fran\u00e7ois PFEIFFER\" \/>\n<meta name=\"twitter:card\" content=\"summary_large_image\" \/>\n<meta name=\"twitter:label1\" content=\"\u00c9crit par\" \/>\n\t<meta name=\"twitter:data1\" content=\"Fran\u00e7ois PFEIFFER\" \/>\n\t<meta name=\"twitter:label2\" content=\"Dur\u00e9e de lecture estim\u00e9e\" \/>\n\t<meta name=\"twitter:data2\" content=\"2 minutes\" \/>\n<script type=\"application\/ld+json\" class=\"yoast-schema-graph\">{\"@context\":\"https:\\\/\\\/schema.org\",\"@graph\":[{\"@type\":\"Article\",\"@id\":\"https:\\\/\\\/www.accord-langues.com\\\/fr\\\/programme-culturel-aux-etudiants-de-accord\\\/#article\",\"isPartOf\":{\"@id\":\"https:\\\/\\\/www.accord-langues.com\\\/fr\\\/programme-culturel-aux-etudiants-de-accord\\\/\"},\"author\":{\"name\":\"Fran\u00e7ois PFEIFFER\",\"@id\":\"https:\\\/\\\/www.accord-langues.com\\\/fr\\\/#\\\/schema\\\/person\\\/094b7403ccd70c90f43907c2f18fcd5c\"},\"headline\":\"Programme culturel propos\u00e9 aux \u00e9tudiants de ACCORD\",\"datePublished\":\"2025-04-18T14:16:41+00:00\",\"dateModified\":\"2025-12-20T09:20:35+00:00\",\"mainEntityOfPage\":{\"@id\":\"https:\\\/\\\/www.accord-langues.com\\\/fr\\\/programme-culturel-aux-etudiants-de-accord\\\/\"},\"wordCount\":389,\"publisher\":{\"@id\":\"https:\\\/\\\/www.accord-langues.com\\\/fr\\\/#organization\"},\"image\":{\"@id\":\"https:\\\/\\\/www.accord-langues.com\\\/fr\\\/programme-culturel-aux-etudiants-de-accord\\\/#primaryimage\"},\"thumbnailUrl\":\"https:\\\/\\\/www.accord-langues.com\\\/wp-content\\\/uploads\\\/2025\\\/04\\\/ACCORD-French-Language-School-Paris.jpg\",\"articleSection\":[\"cours de fran\u00e7ais en France\"],\"inLanguage\":\"fr-FR\"},{\"@type\":\"WebPage\",\"@id\":\"https:\\\/\\\/www.accord-langues.com\\\/fr\\\/programme-culturel-aux-etudiants-de-accord\\\/\",\"url\":\"https:\\\/\\\/www.accord-langues.com\\\/fr\\\/programme-culturel-aux-etudiants-de-accord\\\/\",\"name\":\"Programme culturel propos\u00e9 aux \u00e9tudiants de ACCORD - Accord Paris\",\"isPartOf\":{\"@id\":\"https:\\\/\\\/www.accord-langues.com\\\/fr\\\/#website\"},\"primaryImageOfPage\":{\"@id\":\"https:\\\/\\\/www.accord-langues.com\\\/fr\\\/programme-culturel-aux-etudiants-de-accord\\\/#primaryimage\"},\"image\":{\"@id\":\"https:\\\/\\\/www.accord-langues.com\\\/fr\\\/programme-culturel-aux-etudiants-de-accord\\\/#primaryimage\"},\"thumbnailUrl\":\"https:\\\/\\\/www.accord-langues.com\\\/wp-content\\\/uploads\\\/2025\\\/04\\\/ACCORD-French-Language-School-Paris.jpg\",\"datePublished\":\"2025-04-18T14:16:41+00:00\",\"dateModified\":\"2025-12-20T09:20:35+00:00\",\"description\":\"Tous les \u00e9tudiants de l'\u00e9cole ACCORD Paris peuvent participer aux visites et au programme culturel propos\u00e9s par l'agence GET YOUR GUIDE.\",\"inLanguage\":\"fr-FR\",\"potentialAction\":[{\"@type\":\"ReadAction\",\"target\":[\"https:\\\/\\\/www.accord-langues.com\\\/fr\\\/programme-culturel-aux-etudiants-de-accord\\\/\"]}]},{\"@type\":\"ImageObject\",\"inLanguage\":\"fr-FR\",\"@id\":\"https:\\\/\\\/www.accord-langues.com\\\/fr\\\/programme-culturel-aux-etudiants-de-accord\\\/#primaryimage\",\"url\":\"https:\\\/\\\/www.accord-langues.com\\\/wp-content\\\/uploads\\\/2025\\\/04\\\/ACCORD-French-Language-School-Paris.jpg\",\"contentUrl\":\"https:\\\/\\\/www.accord-langues.com\\\/wp-content\\\/uploads\\\/2025\\\/04\\\/ACCORD-French-Language-School-Paris.jpg\",\"width\":1711,\"height\":1235,\"caption\":\"Cours de fran\u00e7ais \u00e0 l'\u00e9cole ACCORD Paris\"},{\"@type\":\"WebSite\",\"@id\":\"https:\\\/\\\/www.accord-langues.com\\\/fr\\\/#website\",\"url\":\"https:\\\/\\\/www.accord-langues.com\\\/fr\\\/\",\"name\":\"Accord Paris\",\"description\":\"Learn French in France\",\"publisher\":{\"@id\":\"https:\\\/\\\/www.accord-langues.com\\\/fr\\\/#organization\"},\"potentialAction\":[{\"@type\":\"SearchAction\",\"target\":{\"@type\":\"EntryPoint\",\"urlTemplate\":\"https:\\\/\\\/www.accord-langues.com\\\/fr\\\/?s={search_term_string}\"},\"query-input\":{\"@type\":\"PropertyValueSpecification\",\"valueRequired\":true,\"valueName\":\"search_term_string\"}}],\"inLanguage\":\"fr-FR\"},{\"@type\":\"Organization\",\"@id\":\"https:\\\/\\\/www.accord-langues.com\\\/fr\\\/#organization\",\"name\":\"ACCORD Tour Eiffel\",\"alternateName\":\"Learn French in Paris\",\"url\":\"https:\\\/\\\/www.accord-langues.com\\\/fr\\\/\",\"logo\":{\"@type\":\"ImageObject\",\"inLanguage\":\"fr-FR\",\"@id\":\"https:\\\/\\\/www.accord-langues.com\\\/fr\\\/#\\\/schema\\\/logo\\\/image\\\/\",\"url\":\"https:\\\/\\\/www.accord-langues.com\\\/wp-content\\\/uploads\\\/2016\\\/06\\\/Logo.png\",\"contentUrl\":\"https:\\\/\\\/www.accord-langues.com\\\/wp-content\\\/uploads\\\/2016\\\/06\\\/Logo.png\",\"width\":290,\"height\":70,\"caption\":\"ACCORD Tour Eiffel\"},\"image\":{\"@id\":\"https:\\\/\\\/www.accord-langues.com\\\/fr\\\/#\\\/schema\\\/logo\\\/image\\\/\"},\"sameAs\":[\"https:\\\/\\\/www.facebook.com\\\/accordecoledelangues\",\"https:\\\/\\\/www.linkedin.com\\\/groups\\\/4542133\\\/\"],\"description\":\"ACCORD French Language School is one of the leading schools in France for teaching French to foreign students and offering high quality French language courses in Paris. The ACCORD language school is located in the heart of Paris, nearby the Eiffel Tower. The ACCORD school is open all year round and welcomes students from all over the world from the age of 16 in its French language courses. ACCORD school is accredited by the official \u201cQualit\u00e9 FLE\u201d label and is member of CAMPUS FRANCE, SOUFFLE and Atout France. ACCORD is official exam center for the TCF IRN, TCF TP, TCF Qu\u00e9bec and TCF Canada.\",\"email\":\"info@accord-langues.com\",\"telephone\":\"+33155335233\",\"legalName\":\"FORUM ACCORD\",\"foundingDate\":\"1990-02-23\",\"numberOfEmployees\":{\"@type\":\"QuantitativeValue\",\"minValue\":\"11\",\"maxValue\":\"50\"}},{\"@type\":\"Person\",\"@id\":\"https:\\\/\\\/www.accord-langues.com\\\/fr\\\/#\\\/schema\\\/person\\\/094b7403ccd70c90f43907c2f18fcd5c\",\"name\":\"Fran\u00e7ois PFEIFFER\",\"url\":\"https:\\\/\\\/www.accord-langues.com\\\/fr\\\/author\\\/ffpnat-21-05\\\/\"}]}<\/script>\n<!-- \/ Yoast SEO Premium plugin. -->","yoast_head_json":{"title":"Programme culturel propos\u00e9 aux \u00e9tudiants de ACCORD - Accord Paris","description":"Tous les \u00e9tudiants de l'\u00e9cole ACCORD Paris peuvent participer aux visites et au programme culturel propos\u00e9s par l'agence GET YOUR GUIDE.","robots":{"index":"index","follow":"follow","max-snippet":"max-snippet:-1","max-image-preview":"max-image-preview:large","max-video-preview":"max-video-preview:-1"},"canonical":"https:\/\/www.accord-langues.com\/fr\/programme-culturel-aux-etudiants-de-accord\/","og_locale":"fr_FR","og_type":"article","og_title":"Programme culturel propos\u00e9 aux \u00e9tudiants de ACCORD","og_description":"Tous les \u00e9tudiants de l'\u00e9cole ACCORD Paris peuvent participer aux visites et au programme culturel propos\u00e9s par l'agence GET YOUR GUIDE.","og_url":"https:\/\/www.accord-langues.com\/fr\/programme-culturel-aux-etudiants-de-accord\/","og_site_name":"Accord Paris","article_publisher":"https:\/\/www.facebook.com\/accordecoledelangues","article_published_time":"2025-04-18T14:16:41+00:00","article_modified_time":"2025-12-20T09:20:35+00:00","og_image":[{"width":1711,"height":1235,"url":"https:\/\/www.accord-langues.com\/wp-content\/uploads\/2025\/04\/ACCORD-French-Language-School-Paris.jpg","type":"image\/jpeg"}],"author":"Fran\u00e7ois PFEIFFER","twitter_card":"summary_large_image","twitter_misc":{"\u00c9crit par":"Fran\u00e7ois PFEIFFER","Dur\u00e9e de lecture estim\u00e9e":"2 minutes"},"schema":{"@context":"https:\/\/schema.org","@graph":[{"@type":"Article","@id":"https:\/\/www.accord-langues.com\/fr\/programme-culturel-aux-etudiants-de-accord\/#article","isPartOf":{"@id":"https:\/\/www.accord-langues.com\/fr\/programme-culturel-aux-etudiants-de-accord\/"},"author":{"name":"Fran\u00e7ois PFEIFFER","@id":"https:\/\/www.accord-langues.com\/fr\/#\/schema\/person\/094b7403ccd70c90f43907c2f18fcd5c"},"headline":"Programme culturel propos\u00e9 aux \u00e9tudiants de ACCORD","datePublished":"2025-04-18T14:16:41+00:00","dateModified":"2025-12-20T09:20:35+00:00","mainEntityOfPage":{"@id":"https:\/\/www.accord-langues.com\/fr\/programme-culturel-aux-etudiants-de-accord\/"},"wordCount":389,"publisher":{"@id":"https:\/\/www.accord-langues.com\/fr\/#organization"},"image":{"@id":"https:\/\/www.accord-langues.com\/fr\/programme-culturel-aux-etudiants-de-accord\/#primaryimage"},"thumbnailUrl":"https:\/\/www.accord-langues.com\/wp-content\/uploads\/2025\/04\/ACCORD-French-Language-School-Paris.jpg","articleSection":["cours de fran\u00e7ais en France"],"inLanguage":"fr-FR"},{"@type":"WebPage","@id":"https:\/\/www.accord-langues.com\/fr\/programme-culturel-aux-etudiants-de-accord\/","url":"https:\/\/www.accord-langues.com\/fr\/programme-culturel-aux-etudiants-de-accord\/","name":"Programme culturel propos\u00e9 aux \u00e9tudiants de ACCORD - Accord Paris","isPartOf":{"@id":"https:\/\/www.accord-langues.com\/fr\/#website"},"primaryImageOfPage":{"@id":"https:\/\/www.accord-langues.com\/fr\/programme-culturel-aux-etudiants-de-accord\/#primaryimage"},"image":{"@id":"https:\/\/www.accord-langues.com\/fr\/programme-culturel-aux-etudiants-de-accord\/#primaryimage"},"thumbnailUrl":"https:\/\/www.accord-langues.com\/wp-content\/uploads\/2025\/04\/ACCORD-French-Language-School-Paris.jpg","datePublished":"2025-04-18T14:16:41+00:00","dateModified":"2025-12-20T09:20:35+00:00","description":"Tous les \u00e9tudiants de l'\u00e9cole ACCORD Paris peuvent participer aux visites et au programme culturel propos\u00e9s par l'agence GET YOUR GUIDE.","inLanguage":"fr-FR","potentialAction":[{"@type":"ReadAction","target":["https:\/\/www.accord-langues.com\/fr\/programme-culturel-aux-etudiants-de-accord\/"]}]},{"@type":"ImageObject","inLanguage":"fr-FR","@id":"https:\/\/www.accord-langues.com\/fr\/programme-culturel-aux-etudiants-de-accord\/#primaryimage","url":"https:\/\/www.accord-langues.com\/wp-content\/uploads\/2025\/04\/ACCORD-French-Language-School-Paris.jpg","contentUrl":"https:\/\/www.accord-langues.com\/wp-content\/uploads\/2025\/04\/ACCORD-French-Language-School-Paris.jpg","width":1711,"height":1235,"caption":"Cours de fran\u00e7ais \u00e0 l'\u00e9cole ACCORD Paris"},{"@type":"WebSite","@id":"https:\/\/www.accord-langues.com\/fr\/#website","url":"https:\/\/www.accord-langues.com\/fr\/","name":"Accord Paris","description":"Learn French in France","publisher":{"@id":"https:\/\/www.accord-langues.com\/fr\/#organization"},"potentialAction":[{"@type":"SearchAction","target":{"@type":"EntryPoint","urlTemplate":"https:\/\/www.accord-langues.com\/fr\/?s={search_term_string}"},"query-input":{"@type":"PropertyValueSpecification","valueRequired":true,"valueName":"search_term_string"}}],"inLanguage":"fr-FR"},{"@type":"Organization","@id":"https:\/\/www.accord-langues.com\/fr\/#organization","name":"ACCORD Tour Eiffel","alternateName":"Learn French in Paris","url":"https:\/\/www.accord-langues.com\/fr\/","logo":{"@type":"ImageObject","inLanguage":"fr-FR","@id":"https:\/\/www.accord-langues.com\/fr\/#\/schema\/logo\/image\/","url":"https:\/\/www.accord-langues.com\/wp-content\/uploads\/2016\/06\/Logo.png","contentUrl":"https:\/\/www.accord-langues.com\/wp-content\/uploads\/2016\/06\/Logo.png","width":290,"height":70,"caption":"ACCORD Tour Eiffel"},"image":{"@id":"https:\/\/www.accord-langues.com\/fr\/#\/schema\/logo\/image\/"},"sameAs":["https:\/\/www.facebook.com\/accordecoledelangues","https:\/\/www.linkedin.com\/groups\/4542133\/"],"description":"ACCORD French Language School is one of the leading schools in France for teaching French to foreign students and offering high quality French language courses in Paris. The ACCORD language school is located in the heart of Paris, nearby the Eiffel Tower. The ACCORD school is open all year round and welcomes students from all over the world from the age of 16 in its French language courses. ACCORD school is accredited by the official \u201cQualit\u00e9 FLE\u201d label and is member of CAMPUS FRANCE, SOUFFLE and Atout France. ACCORD is official exam center for the TCF IRN, TCF TP, TCF Qu\u00e9bec and TCF Canada.","email":"info@accord-langues.com","telephone":"+33155335233","legalName":"FORUM ACCORD","foundingDate":"1990-02-23","numberOfEmployees":{"@type":"QuantitativeValue","minValue":"11","maxValue":"50"}},{"@type":"Person","@id":"https:\/\/www.accord-langues.com\/fr\/#\/schema\/person\/094b7403ccd70c90f43907c2f18fcd5c","name":"Fran\u00e7ois PFEIFFER","url":"https:\/\/www.accord-langues.com\/fr\/author\/ffpnat-21-05\/"}]}},"_links":{"self":[{"href":"https:\/\/www.accord-langues.com\/fr\/wp-json\/wp\/v2\/posts\/25241","targetHints":{"allow":["GET"]}}],"collection":[{"href":"https:\/\/www.accord-langues.com\/fr\/wp-json\/wp\/v2\/posts"}],"about":[{"href":"https:\/\/www.accord-langues.com\/fr\/wp-json\/wp\/v2\/types\/post"}],"author":[{"embeddable":true,"href":"https:\/\/www.accord-langues.com\/fr\/wp-json\/wp\/v2\/users\/10"}],"replies":[{"embeddable":true,"href":"https:\/\/www.accord-langues.com\/fr\/wp-json\/wp\/v2\/comments?post=25241"}],"version-history":[{"count":1,"href":"https:\/\/www.accord-langues.com\/fr\/wp-json\/wp\/v2\/posts\/25241\/revisions"}],"predecessor-version":[{"id":25893,"href":"https:\/\/www.accord-langues.com\/fr\/wp-json\/wp\/v2\/posts\/25241\/revisions\/25893"}],"wp:featuredmedia":[{"embeddable":true,"href":"https:\/\/www.accord-langues.com\/fr\/wp-json\/wp\/v2\/media\/25261"}],"wp:attachment":[{"href":"https:\/\/www.accord-langues.com\/fr\/wp-json\/wp\/v2\/media?parent=25241"}],"wp:term":[{"taxonomy":"category","embeddable":true,"href":"https:\/\/www.accord-langues.com\/fr\/wp-json\/wp\/v2\/categories?post=25241"},{"taxonomy":"post_tag","embeddable":true,"href":"https:\/\/www.accord-langues.com\/fr\/wp-json\/wp\/v2\/tags?post=25241"}],"curies":[{"name":"wp","href":"https:\/\/api.w.org\/{rel}","templated":true}]}}