{"id":21362,"date":"2023-10-17T17:56:02","date_gmt":"2023-10-17T16:56:02","guid":{"rendered":"https:\/\/www.accord-langues.com\/?p=21362"},"modified":"2025-05-16T16:37:13","modified_gmt":"2025-05-16T15:37:13","slug":"apprendre-le-francais-en-france","status":"publish","type":"post","link":"https:\/\/www.accord-langues.com\/fr\/apprendre-le-francais-en-france\/","title":{"rendered":"Apprendre le fran\u00e7ais en France"},"content":{"rendered":"<h2><span style=\"color: #000000;\">Apprendre le fran\u00e7ais en France\u00a0<\/span><\/h2>\n<h3><span style=\"color: #ff6600;\">Choisissez une <a style=\"color: #ff6600;\" href=\"https:\/\/www.accord-langues.com\/fr\/cours-intensif-de-francais-en-france-a-paris\/\" target=\"_blank\" rel=\"noopener\">\u00e9cole de fran\u00e7ais<\/a> labellis\u00e9e \u00ab\u00a0Qualit\u00e9 FLE\u00a0\u00bb \u00e0 Paris pour suivre un <a style=\"color: #ff6600;\" href=\"https:\/\/www.accord-langues.com\/fr\/\" target=\"_blank\" rel=\"noopener\">cours intensif de fran\u00e7ais<\/a> et <a style=\"color: #ff6600;\" href=\"https:\/\/www.paris-move.com\/apprendre-le-francais-en-france\/\" target=\"_blank\" rel=\"noopener\">apprendre le fran\u00e7ais en France<\/a>.<\/span><\/h3>\n<p>Vous souhaitez <a href=\"https:\/\/www.accord-langues.com\/fr\/pourquoi-apprendre-le-francais\/\" target=\"_blank\" rel=\"noopener\">apprendre le fran\u00e7ais<\/a> pour faire vos <a href=\"https:\/\/www.accord-langues.com\/fr\/etudier-en-france-avec-iki-pgs-et-accord-paris\/\" target=\"_blank\" rel=\"noopener\">\u00e9tudes en France<\/a> ou dans un pays francophone, communiquer avec aisance en fran\u00e7ais avec vos amis fran\u00e7ais ou am\u00e9liorer votre niveau en fran\u00e7ais \u00e9crit et\/ou oral?<br \/>\nN&rsquo;h\u00e9sitez plus et <strong>choisissez un des <a href=\"https:\/\/www.accord-langues.com\/fr\/cours\/cours-intensif-de-francais-pm2-en-france\/\" target=\"_blank\" rel=\"noopener\">cours semi-intensifs<\/a>, intensifs et super-intensifs de fran\u00e7ais propos\u00e9s par <a href=\"https:\/\/www.paris-move.com\/accord-paris-elue-meilleure-ecole-de-francais-en-france-en-2023\/\" target=\"_blank\" rel=\"noopener\">l&rsquo;\u00e9cole ACCORD Paris<\/a>, une <a href=\"https:\/\/www.paris-move.com\/accord-labellisee-qualite-fle-pour-la-cinquieme-fois-de-suite\/\" target=\"_blank\" rel=\"noopener\">\u00e9cole labellis\u00e9e Qualit\u00e9 FLE<\/a> <\/strong>avec les meilleures notes possibles dans tous les domaines audit\u00e9s.<\/p>\n<p><strong><a href=\"https:\/\/www.accord-langues.com\/fr\/ecoles-langue-francaise-accord\/\" target=\"_blank\" rel=\"noopener\">L\u2019\u00e9cole de langues ACCORD<\/a> a \u00e9t\u00e9 s\u00e9lectionn\u00e9e et est recommand\u00e9e par <a href=\"https:\/\/www.paris-move.com\/\" target=\"_blank\" rel=\"noopener\">la r\u00e9daction de PARIS-MOVE<\/a>, par <a href=\"https:\/\/www.french-paris.com\/fr\/\" target=\"_blank\" rel=\"noopener\">French-Paris<\/a> et par <a href=\"https:\/\/www.activelanguages.co.uk\/study-abroad\/language-courses-for-adults-in-france\/\" target=\"_blank\" rel=\"noopener\">Active Languages<\/a>.<\/strong><\/p>\n<p>L&rsquo;immersion totale est la meilleure fa\u00e7on d&rsquo;apprendre une langue. En France, vous entendrez parler fran\u00e7ais tout le temps, que ce soit dans la rue, au restaurant, ou \u00e0 l&rsquo;\u00e9cole ACCORD. Cela vous permettra de vous habituer au son de la langue et de d\u00e9velopper votre <a href=\"https:\/\/www.accord-langues.com\/fr\/immersion-culturelle-a-paris-pour-etudiants-etrangers\/\" target=\"_blank\" rel=\"noopener\">compr\u00e9hension orale et \u00e9crite<\/a> beaucoup plus rapidement que si vous appreniez le fran\u00e7ais dans votre pays d&rsquo;origine.<br \/>\nVenir \u00e0 Paris et \u00e0 ACCORD est une exp\u00e9rience enrichissante. <a href=\"https:\/\/www.accord-langues.com\/fr\/apprendre-le-francais-en-vacances-en-france\/\" target=\"_blank\" rel=\"noopener\">Apprendre le fran\u00e7ais<\/a> en France vous permettra de d\u00e9couvrir une nouvelle culture et un nouveau mode de vie. A Paris vous aurez l&rsquo;occasion de visiter des sites historiques, des mus\u00e9es connus dans le monde entier, mais aussi de d\u00e9guster une cuisine d\u00e9licieuse et de rencontrer des gens int\u00e9ressants.<br \/>\nEt apprendre <a href=\"https:\/\/www.accord-langues.com\/fr\/cours-intensif-de-francais-en-france-a-paris\/\" target=\"_blank\" rel=\"noopener\">le fran\u00e7ais en France<\/a>, c&rsquo;est amusant ! <a href=\"https:\/\/www.accord-langues.com\/fr\/cours-intensif-de-francais-en-france-a-paris\/\" target=\"_blank\" rel=\"noopener\">Apprendre le fran\u00e7ais<\/a> en France est une exp\u00e9rience stimulante et gratifiante. Vous aurez l&rsquo;occasion de vous d\u00e9fier et d&rsquo;apprendre de nouvelles choses. Choisissez maintenant votre cours \u00e0 ACCORD Paris:<\/p>\n<p><strong><span style=\"color: #ff6600;\">Cours FLE semi-intensifs de fran\u00e7ais:<\/span><\/strong><\/p>\n<p>&#8211; <strong><a href=\"https:\/\/www.accord-langues.com\/fr\/cours\/cours-semi-intensif-de-francais-pm1\/\" target=\"_blank\" rel=\"noopener\">cours FLE \u00ab\u00a0PM1\u00a0\u00bb<\/a> de 15 heures\/semaine<\/strong>:<br \/>\ncours de 14h \u00e0 17h du lundi au vendredi<br \/>\n&#8211; <strong><a href=\"https:\/\/www.accord-langues.com\/fr\/cours\/cours-francais-semi-intensif\/\" target=\"_blank\" rel=\"noopener\">cours FLE \u00ab\u00a0AM1\u00a0\u00bb<\/a> de 15 heures\/semaine<\/strong>:<br \/>\ncours de 9h \u00e0 12h du lundi au vendredi<\/p>\n<p><strong><span style=\"color: #ff6600;\">Cours FLE intensifs de fran\u00e7ais <\/span><span style=\"color: #ff6600;\">pour apprendre le fran\u00e7ais en France:<\/span><\/strong><\/p>\n<p>&#8211; <strong><a href=\"https:\/\/www.accord-langues.com\/fr\/cours\/cours-intensif-de-francais-en-france\/\" target=\"_blank\" rel=\"noopener\">cours FLE \u00ab\u00a0A\u00a0\u00bb<\/a> de 20 heures\/semaine<\/strong>:<br \/>\ncours de 9h \u00e0 13h du lundi au vendredi<br \/>\n&#8211; <strong><a href=\"https:\/\/www.accord-langues.com\/course\/intensive-french-course-pm2-learn-french-in-paris-in-france\/\" target=\"_blank\" rel=\"noopener\">cours FLE \u00ab\u00a0PM2\u00a0\u00bb<\/a> de 20 heures\/semaine<\/strong>:<br \/>\ncours de 14h \u00e0 17h et de 17h15 \u00e0 18h15 du lundi au vendredi<br \/>\n&#8211; <strong><a href=\"https:\/\/www.accord-langues.com\/fr\/cours\/cours-intensif-de-francais-b-23h\/\" target=\"_blank\" rel=\"noopener\">cours FLE \u00ab\u00a0B\u00a0\u00bb<\/a> de 23 heures\/semaine<\/strong>:<br \/>\ncours de 9h \u00e0 13h du lundi au vendredi + un cours de l&rsquo;apr\u00e8s-midi de 14h \u00e0 17h<br \/>\n&#8211; <strong><a href=\"https:\/\/www.accord-langues.com\/fr\/cours\/cours-intensif-de-francais-c-26h\/\" target=\"_blank\" rel=\"noopener\">cours FLE \u00ab\u00a0C\u00a0\u00bb<\/a> de 26 heures\/semaine<\/strong>:<br \/>\ncours de 9h \u00e0 13h du lundi au vendredi + 2 cours de l&rsquo;apr\u00e8s-midi de 14h \u00e0 17h<br \/>\n&#8211; <strong><a href=\"https:\/\/www.accord-langues.com\/fr\/cours\/cours-intensif-de-francais-d-29h\/\" target=\"_blank\" rel=\"noopener\">cours FLE \u00ab\u00a0D\u00a0\u00bb<\/a> de 29 heures\/semaine<\/strong>:<br \/>\ncours de 9h \u00e0 13h du lundi au vendredi + 3 cours de l&rsquo;apr\u00e8s-midi de 14h \u00e0 17h<\/p>\n<p><strong><span style=\"color: #ff6600;\">Cours FLE super-intensifs de fran\u00e7ais pour apprendre le fran\u00e7ais en France:<\/span><\/strong><\/p>\n<p>&#8211; <strong><a href=\"https:\/\/www.accord-langues.com\/fr\/cours\/cours-super-intensif-de-francais-g-32h\/\" target=\"_blank\" rel=\"noopener\">cours FLE \u00ab\u00a0G\u00a0\u00bb<\/a> de 32 heures\/semaine<\/strong>:<br \/>\ncours de 9h \u00e0 13h du lundi au vendredi + 4 cours de l&rsquo;apr\u00e8s-midi de 14h \u00e0 17h<br \/>\n&#8211; <strong><a href=\"https:\/\/www.accord-langues.com\/fr\/cours\/cours-super-intensif-de-francais-en-france\/\" target=\"_blank\" rel=\"noopener\">cours FLE \u00ab\u00a0E\u00a0\u00bb<\/a> de 35 heures\/semaine<\/strong>:<br \/>\ncours de 9h \u00e0 13h du lundi au vendredi + 5 cours de l&rsquo;apr\u00e8s-midi de 14h \u00e0 17h<br \/>\n&#8211; <strong><a href=\"https:\/\/www.accord-langues.com\/fr\/cours\/cours-de-francais-intensif-plus-en-france\/\" target=\"_blank\" rel=\"noopener\">cours FLE A-PLUS<\/a> de 25 \u00e0 40 heures\/semaine<\/strong>:<br \/>\ncours intensif A de 9h \u00e0 13h du lundi au vendredi + 5, 10 ou 20 heures en cours\u00a0 particuliers<\/p>\n<p><strong><span style=\"color: #ff6600;\">Cours de pr\u00e9paration aux examens de fran\u00e7ais:<\/span><\/strong><\/p>\n<p>&#8211; <a href=\"https:\/\/www.accord-langues.com\/fr\/cours\/cours-de-preparation-au-delf-a-paris\/\" target=\"_blank\" rel=\"noopener\"><strong>programme D1 de pr\u00e9paration au DELF<\/strong><\/a>:<br \/>\n26 heures\/semaine: cours de 9h \u00e0 13h du lundi au vendredi et 2 classes de l&rsquo;apr\u00e8s-midi de 14h \u00e0 17h<br \/>\n&#8211; <a href=\"https:\/\/www.accord-langues.com\/fr\/cours\/cours-de-preparation-au-delf-a-paris\/\" target=\"_blank\" rel=\"noopener\"><strong>programme D2 de pr\u00e9paration au DELF<\/strong><\/a>:<br \/>\n29 heures\/semaine: cours de 9h \u00e0 13h du lundi au vendredi et 3 classes de l&rsquo;apr\u00e8s-midi de 14h \u00e0 17h<br \/>\n&#8211; <a href=\"https:\/\/www.accord-langues.com\/fr\/cours\/cours-de-preparation-a-as-level-en-france\/\" target=\"_blank\" rel=\"noopener\"><strong>programme de pr\u00e9paration \u00e0 l&rsquo;examen de fran\u00e7ais du A\/AS level<\/strong><\/a>:<br \/>\n26 heures\/semaine: cours de 9h \u00e0 13h du lundi au vendredi et 2 classes de l&rsquo;apr\u00e8s-midi de 14h \u00e0 17h<br \/>\n&#8211; <a href=\"https:\/\/www.accord-langues.com\/fr\/cours\/cours-de-preparation-au-irish-leaving-certificate\/\" target=\"_blank\" rel=\"noopener\"><strong>programme de pr\u00e9paration \u00e0 l&rsquo;examen de fran\u00e7ais du ILC<\/strong><\/a>:<br \/>\n26 heures\/semaine: cours de 9h \u00e0 13h du lundi au vendredi et 2 classes de l&rsquo;apr\u00e8s-midi de 14h \u00e0 17h<br \/>\n&#8211; <a href=\"https:\/\/www.accord-langues.com\/fr\/cours\/cours-de-preparation-abitur-en-france-a-paris\/\" target=\"_blank\" rel=\"noopener\"><strong>programme de pr\u00e9paration \u00e0 l&rsquo;examen de fran\u00e7ais de l&rsquo;ABITUR<\/strong><\/a>:<br \/>\n26 heures\/semaine: cours de 9h \u00e0 13h du lundi au vendredi et 2 classes de l&rsquo;apr\u00e8s-midi de 14h \u00e0 17h<\/p>\n<p><strong><span style=\"color: #ff6600;\">Cours FLE de sp\u00e9cialit\u00e9 en minigroupe:<\/span><\/strong><\/p>\n<p>&#8211; <a href=\"https:\/\/www.accord-langues.com\/fr\/cours\/business-french-cours-de-francais-professionnel-a-paris\/\" target=\"_blank\" rel=\"noopener\"><strong>cours de fran\u00e7ais commercial<\/strong><\/a> de 32 heures\/semaine:<br \/>\ncours FLE \u00ab\u00a0A\u00a0\u00bb de 9h \u00e0 13h du lundi au vendredi et 4 cours de l&rsquo;apr\u00e8s-midi de 14h \u00e0 17h<br \/>\n&#8211; <a href=\"https:\/\/www.accord-langues.com\/fr\/cours\/cours-de-francais-juridique-en-france-a-paris\/\" target=\"_blank\" rel=\"noopener\"><strong>cours de fran\u00e7ais juridique<\/strong><\/a> de 32 heures\/semaine:<br \/>\ncours FLE \u00ab\u00a0A\u00a0\u00bb de 9h \u00e0 13h du lundi au vendredi et 4 cours de l&rsquo;apr\u00e8s-midi de 14h \u00e0 17h<br \/>\n&#8211; <a href=\"https:\/\/www.accord-langues.com\/fr\/cours\/cours-particulier-de-francais-en-france\/\" target=\"_blank\" rel=\"noopener\"><strong>cours intensif de fran\u00e7ais professionnel<\/strong><\/a>: 30 heures\/semaine en cours particuliers<br \/>\n&#8211; <a href=\"https:\/\/www.accord-langues.com\/fr\/cours\/cours-particulier-de-francais-en-france\/\" target=\"_blank\" rel=\"noopener\"><strong>cours semi-intensif de fran\u00e7ais professionnel<\/strong><\/a>: 15 heures\/semaine en cours particuliers<\/p>\n<div id='gallery-1' class='gallery galleryid-21362 gallery-columns-1 gallery-size-large'><figure class='gallery-item'>\n\t\t\t<div class='gallery-icon landscape'>\n\t\t\t\t<a href='https:\/\/www.accord-langues.com\/wp-content\/uploads\/2023\/10\/ACCORD-Students-1.jpg'><img decoding=\"async\" width=\"640\" height=\"427\" src=\"https:\/\/www.accord-langues.com\/wp-content\/uploads\/2023\/10\/ACCORD-Students-1.jpg\" class=\"attachment-large size-large\" alt=\"Apprendre le fran\u00e7ais en France\" srcset=\"https:\/\/www.accord-langues.com\/wp-content\/uploads\/2023\/10\/ACCORD-Students-1.jpg 1024w, https:\/\/www.accord-langues.com\/wp-content\/uploads\/2023\/10\/ACCORD-Students-1-300x200.jpg 300w, https:\/\/www.accord-langues.com\/wp-content\/uploads\/2023\/10\/ACCORD-Students-1-768x512.jpg 768w\" sizes=\"(max-width: 640px) 100vw, 640px\" title=\"Apprendre le fran\u00e7ais en France \u00e0 ACCORD Paris\" \/><\/a>\n\t\t\t<\/div><\/figure>\n\t\t<\/div>\n\n<p><strong>Information pratique sur la dur\u00e9e des cours pour apprendre le fran\u00e7ais en France:<\/strong> la dur\u00e9e des cours \u00e0 ACCORD est indiqu\u00e9e en \u00ab\u00a0heures\u00a0\u00bb (une heure = 60 minutes) mais elle est \u00e9galement indiqu\u00e9e en \u00ab\u00a0le\u00e7ons\u00a0\u00bb (une le\u00e7on = 45 minutes) sur chaque page web de ces cours et sur <a href=\"https:\/\/www.accord-langues.com\/fr\/dates-et-prix-accord\/\" target=\"_blank\" rel=\"noopener\">notre tarif.<\/a> Ceci va vous permettre de comparer nos programmes de cours et nos prix par rapport \u00e0 d&rsquo;autres cours pr\u00e9sent\u00e9s uniquement en le\u00e7ons, mais aussi sans la mention de la dur\u00e9e de ces le\u00e7ons.<\/p>\n<p><strong>Suivez-nous ici:<\/strong><\/p>\n<ul>\n<li><a href=\"https:\/\/www.facebook.com\/accordecoledelangues\" target=\"_blank\" rel=\"noopener\">ACCORD Paris sur Facebook<\/a><\/li>\n<li>ACCORD Paris sur Tripadvisor<\/li>\n<li><a href=\"https:\/\/www.linkedin.com\/groups\/4542133\/\" target=\"_blank\" rel=\"noopener\">ACCORD Language Schools sur Linkedin<\/a><\/li>\n<li><a href=\"https:\/\/examensparis.fr\/\" target=\"_blank\" rel=\"noopener\">Centre d\u2019examens TCF \u00e0 Paris<\/a><\/li>\n<\/ul>\n<p>&nbsp;<\/p>\n","protected":false},"excerpt":{"rendered":"<p>Choisissez une \u00e9cole de fran\u00e7ais labellis\u00e9e \u00ab\u00a0Qualit\u00e9 FLE\u00a0\u00bb \u00e0 Paris pour suivre un cours intensif de fran\u00e7ais et apprendre le fran\u00e7ais en France.<\/p>\n","protected":false},"author":10,"featured_media":21370,"comment_status":"closed","ping_status":"closed","sticky":false,"template":"","format":"standard","meta":{"_acf_changed":false,"footnotes":""},"categories":[10660],"tags":[10128,10158,10622,10558],"class_list":["post-21362","post","type-post","status-publish","format-standard","has-post-thumbnail","hentry","category-cours-de-francais-en-france","tag-accord","tag-apprendre-le-francais-en-france","tag-cours-fle","tag-le-francais-en-france"],"acf":[],"yoast_head":"<!-- This site is optimized with the Yoast SEO Premium plugin v27.5 (Yoast SEO v27.5) - https:\/\/yoast.com\/product\/yoast-seo-premium-wordpress\/ -->\n<title>Apprendre le fran\u00e7ais en France - \u00e9cole de fran\u00e7ais Qualit\u00e9 FLE<\/title>\n<meta name=\"description\" content=\"Choisissez une \u00e9cole de fran\u00e7ais labellis\u00e9e Qualit\u00e9 FLE \u00e0 Paris pour suivre un cours intensif de fran\u00e7ais et apprendre le fran\u00e7ais en France.\" \/>\n<meta name=\"robots\" content=\"index, follow, max-snippet:-1, max-image-preview:large, max-video-preview:-1\" \/>\n<link rel=\"canonical\" href=\"https:\/\/www.accord-langues.com\/fr\/apprendre-le-francais-en-france\/\" \/>\n<meta property=\"og:locale\" content=\"fr_FR\" \/>\n<meta property=\"og:type\" content=\"article\" \/>\n<meta property=\"og:title\" content=\"Apprendre le fran\u00e7ais en France\" \/>\n<meta property=\"og:description\" content=\"Choisissez une \u00e9cole de fran\u00e7ais labellis\u00e9e Qualit\u00e9 FLE \u00e0 Paris pour suivre un cours intensif de fran\u00e7ais et apprendre le fran\u00e7ais en France.\" \/>\n<meta property=\"og:url\" content=\"https:\/\/www.accord-langues.com\/fr\/apprendre-le-francais-en-france\/\" \/>\n<meta property=\"og:site_name\" content=\"Accord Paris\" \/>\n<meta property=\"article:publisher\" content=\"https:\/\/www.facebook.com\/accordecoledelangues\" \/>\n<meta property=\"article:published_time\" content=\"2023-10-17T16:56:02+00:00\" \/>\n<meta property=\"article:modified_time\" content=\"2025-05-16T15:37:13+00:00\" \/>\n<meta property=\"og:image\" content=\"https:\/\/www.accord-langues.com\/wp-content\/uploads\/2023\/10\/ACCORD-French-Language-School-in-Paris.jpg\" \/>\n\t<meta property=\"og:image:width\" content=\"1200\" \/>\n\t<meta property=\"og:image:height\" content=\"867\" \/>\n\t<meta property=\"og:image:type\" content=\"image\/jpeg\" \/>\n<meta name=\"author\" content=\"Fran\u00e7ois PFEIFFER\" \/>\n<meta name=\"twitter:card\" content=\"summary_large_image\" \/>\n<meta name=\"twitter:label1\" content=\"\u00c9crit par\" \/>\n\t<meta name=\"twitter:data1\" content=\"Fran\u00e7ois PFEIFFER\" \/>\n\t<meta name=\"twitter:label2\" content=\"Dur\u00e9e de lecture estim\u00e9e\" \/>\n\t<meta name=\"twitter:data2\" content=\"4 minutes\" \/>\n<script type=\"application\/ld+json\" class=\"yoast-schema-graph\">{\"@context\":\"https:\\\/\\\/schema.org\",\"@graph\":[{\"@type\":\"Article\",\"@id\":\"https:\\\/\\\/www.accord-langues.com\\\/fr\\\/apprendre-le-francais-en-france\\\/#article\",\"isPartOf\":{\"@id\":\"https:\\\/\\\/www.accord-langues.com\\\/fr\\\/apprendre-le-francais-en-france\\\/\"},\"author\":{\"name\":\"Fran\u00e7ois PFEIFFER\",\"@id\":\"https:\\\/\\\/www.accord-langues.com\\\/fr\\\/#\\\/schema\\\/person\\\/094b7403ccd70c90f43907c2f18fcd5c\"},\"headline\":\"Apprendre le fran\u00e7ais en France\",\"datePublished\":\"2023-10-17T16:56:02+00:00\",\"dateModified\":\"2025-05-16T15:37:13+00:00\",\"mainEntityOfPage\":{\"@id\":\"https:\\\/\\\/www.accord-langues.com\\\/fr\\\/apprendre-le-francais-en-france\\\/\"},\"wordCount\":920,\"publisher\":{\"@id\":\"https:\\\/\\\/www.accord-langues.com\\\/fr\\\/#organization\"},\"image\":{\"@id\":\"https:\\\/\\\/www.accord-langues.com\\\/fr\\\/apprendre-le-francais-en-france\\\/#primaryimage\"},\"thumbnailUrl\":\"https:\\\/\\\/www.accord-langues.com\\\/wp-content\\\/uploads\\\/2023\\\/10\\\/ACCORD-French-Language-School-in-Paris.jpg\",\"keywords\":[\"ACCORD\",\"apprendre le fran\u00e7ais en France\",\"cours FLE\",\"le fran\u00e7ais en France\"],\"articleSection\":[\"cours de fran\u00e7ais en France\"],\"inLanguage\":\"fr-FR\"},{\"@type\":\"WebPage\",\"@id\":\"https:\\\/\\\/www.accord-langues.com\\\/fr\\\/apprendre-le-francais-en-france\\\/\",\"url\":\"https:\\\/\\\/www.accord-langues.com\\\/fr\\\/apprendre-le-francais-en-france\\\/\",\"name\":\"Apprendre le fran\u00e7ais en France - \u00e9cole de fran\u00e7ais Qualit\u00e9 FLE\",\"isPartOf\":{\"@id\":\"https:\\\/\\\/www.accord-langues.com\\\/fr\\\/#website\"},\"primaryImageOfPage\":{\"@id\":\"https:\\\/\\\/www.accord-langues.com\\\/fr\\\/apprendre-le-francais-en-france\\\/#primaryimage\"},\"image\":{\"@id\":\"https:\\\/\\\/www.accord-langues.com\\\/fr\\\/apprendre-le-francais-en-france\\\/#primaryimage\"},\"thumbnailUrl\":\"https:\\\/\\\/www.accord-langues.com\\\/wp-content\\\/uploads\\\/2023\\\/10\\\/ACCORD-French-Language-School-in-Paris.jpg\",\"datePublished\":\"2023-10-17T16:56:02+00:00\",\"dateModified\":\"2025-05-16T15:37:13+00:00\",\"description\":\"Choisissez une \u00e9cole de fran\u00e7ais labellis\u00e9e Qualit\u00e9 FLE \u00e0 Paris pour suivre un cours intensif de fran\u00e7ais et apprendre le fran\u00e7ais en France.\",\"inLanguage\":\"fr-FR\",\"potentialAction\":[{\"@type\":\"ReadAction\",\"target\":[\"https:\\\/\\\/www.accord-langues.com\\\/fr\\\/apprendre-le-francais-en-france\\\/\"]}]},{\"@type\":\"ImageObject\",\"inLanguage\":\"fr-FR\",\"@id\":\"https:\\\/\\\/www.accord-langues.com\\\/fr\\\/apprendre-le-francais-en-france\\\/#primaryimage\",\"url\":\"https:\\\/\\\/www.accord-langues.com\\\/wp-content\\\/uploads\\\/2023\\\/10\\\/ACCORD-French-Language-School-in-Paris.jpg\",\"contentUrl\":\"https:\\\/\\\/www.accord-langues.com\\\/wp-content\\\/uploads\\\/2023\\\/10\\\/ACCORD-French-Language-School-in-Paris.jpg\",\"width\":1200,\"height\":867,\"caption\":\"Apprendre le fran\u00e7ais en France \u00e0 ACCORD Paris\"},{\"@type\":\"WebSite\",\"@id\":\"https:\\\/\\\/www.accord-langues.com\\\/fr\\\/#website\",\"url\":\"https:\\\/\\\/www.accord-langues.com\\\/fr\\\/\",\"name\":\"Accord Paris\",\"description\":\"Learn French in France\",\"publisher\":{\"@id\":\"https:\\\/\\\/www.accord-langues.com\\\/fr\\\/#organization\"},\"potentialAction\":[{\"@type\":\"SearchAction\",\"target\":{\"@type\":\"EntryPoint\",\"urlTemplate\":\"https:\\\/\\\/www.accord-langues.com\\\/fr\\\/?s={search_term_string}\"},\"query-input\":{\"@type\":\"PropertyValueSpecification\",\"valueRequired\":true,\"valueName\":\"search_term_string\"}}],\"inLanguage\":\"fr-FR\"},{\"@type\":\"Organization\",\"@id\":\"https:\\\/\\\/www.accord-langues.com\\\/fr\\\/#organization\",\"name\":\"ACCORD Tour Eiffel\",\"alternateName\":\"Learn French in Paris\",\"url\":\"https:\\\/\\\/www.accord-langues.com\\\/fr\\\/\",\"logo\":{\"@type\":\"ImageObject\",\"inLanguage\":\"fr-FR\",\"@id\":\"https:\\\/\\\/www.accord-langues.com\\\/fr\\\/#\\\/schema\\\/logo\\\/image\\\/\",\"url\":\"https:\\\/\\\/www.accord-langues.com\\\/wp-content\\\/uploads\\\/2016\\\/06\\\/Logo.png\",\"contentUrl\":\"https:\\\/\\\/www.accord-langues.com\\\/wp-content\\\/uploads\\\/2016\\\/06\\\/Logo.png\",\"width\":290,\"height\":70,\"caption\":\"ACCORD Tour Eiffel\"},\"image\":{\"@id\":\"https:\\\/\\\/www.accord-langues.com\\\/fr\\\/#\\\/schema\\\/logo\\\/image\\\/\"},\"sameAs\":[\"https:\\\/\\\/www.facebook.com\\\/accordecoledelangues\",\"https:\\\/\\\/www.linkedin.com\\\/groups\\\/4542133\\\/\"],\"description\":\"ACCORD French Language School is one of the leading schools in France for teaching French to foreign students and offering high quality French language courses in Paris. The ACCORD language school is located in the heart of Paris, nearby the Eiffel Tower. The ACCORD school is open all year round and welcomes students from all over the world from the age of 16 in its French language courses. ACCORD school is accredited by the official \u201cQualit\u00e9 FLE\u201d label and is member of CAMPUS FRANCE, SOUFFLE and Atout France. ACCORD is official exam center for the TCF IRN, TCF TP, TCF Qu\u00e9bec and TCF Canada.\",\"email\":\"info@accord-langues.com\",\"telephone\":\"+33155335233\",\"legalName\":\"FORUM ACCORD\",\"foundingDate\":\"1990-02-23\",\"numberOfEmployees\":{\"@type\":\"QuantitativeValue\",\"minValue\":\"11\",\"maxValue\":\"50\"}},{\"@type\":\"Person\",\"@id\":\"https:\\\/\\\/www.accord-langues.com\\\/fr\\\/#\\\/schema\\\/person\\\/094b7403ccd70c90f43907c2f18fcd5c\",\"name\":\"Fran\u00e7ois PFEIFFER\",\"url\":\"https:\\\/\\\/www.accord-langues.com\\\/fr\\\/author\\\/ffpnat-21-05\\\/\"}]}<\/script>\n<!-- \/ Yoast SEO Premium plugin. -->","yoast_head_json":{"title":"Apprendre le fran\u00e7ais en France - \u00e9cole de fran\u00e7ais Qualit\u00e9 FLE","description":"Choisissez une \u00e9cole de fran\u00e7ais labellis\u00e9e Qualit\u00e9 FLE \u00e0 Paris pour suivre un cours intensif de fran\u00e7ais et apprendre le fran\u00e7ais en France.","robots":{"index":"index","follow":"follow","max-snippet":"max-snippet:-1","max-image-preview":"max-image-preview:large","max-video-preview":"max-video-preview:-1"},"canonical":"https:\/\/www.accord-langues.com\/fr\/apprendre-le-francais-en-france\/","og_locale":"fr_FR","og_type":"article","og_title":"Apprendre le fran\u00e7ais en France","og_description":"Choisissez une \u00e9cole de fran\u00e7ais labellis\u00e9e Qualit\u00e9 FLE \u00e0 Paris pour suivre un cours intensif de fran\u00e7ais et apprendre le fran\u00e7ais en France.","og_url":"https:\/\/www.accord-langues.com\/fr\/apprendre-le-francais-en-france\/","og_site_name":"Accord Paris","article_publisher":"https:\/\/www.facebook.com\/accordecoledelangues","article_published_time":"2023-10-17T16:56:02+00:00","article_modified_time":"2025-05-16T15:37:13+00:00","og_image":[{"width":1200,"height":867,"url":"https:\/\/www.accord-langues.com\/wp-content\/uploads\/2023\/10\/ACCORD-French-Language-School-in-Paris.jpg","type":"image\/jpeg"}],"author":"Fran\u00e7ois PFEIFFER","twitter_card":"summary_large_image","twitter_misc":{"\u00c9crit par":"Fran\u00e7ois PFEIFFER","Dur\u00e9e de lecture estim\u00e9e":"4 minutes"},"schema":{"@context":"https:\/\/schema.org","@graph":[{"@type":"Article","@id":"https:\/\/www.accord-langues.com\/fr\/apprendre-le-francais-en-france\/#article","isPartOf":{"@id":"https:\/\/www.accord-langues.com\/fr\/apprendre-le-francais-en-france\/"},"author":{"name":"Fran\u00e7ois PFEIFFER","@id":"https:\/\/www.accord-langues.com\/fr\/#\/schema\/person\/094b7403ccd70c90f43907c2f18fcd5c"},"headline":"Apprendre le fran\u00e7ais en France","datePublished":"2023-10-17T16:56:02+00:00","dateModified":"2025-05-16T15:37:13+00:00","mainEntityOfPage":{"@id":"https:\/\/www.accord-langues.com\/fr\/apprendre-le-francais-en-france\/"},"wordCount":920,"publisher":{"@id":"https:\/\/www.accord-langues.com\/fr\/#organization"},"image":{"@id":"https:\/\/www.accord-langues.com\/fr\/apprendre-le-francais-en-france\/#primaryimage"},"thumbnailUrl":"https:\/\/www.accord-langues.com\/wp-content\/uploads\/2023\/10\/ACCORD-French-Language-School-in-Paris.jpg","keywords":["ACCORD","apprendre le fran\u00e7ais en France","cours FLE","le fran\u00e7ais en France"],"articleSection":["cours de fran\u00e7ais en France"],"inLanguage":"fr-FR"},{"@type":"WebPage","@id":"https:\/\/www.accord-langues.com\/fr\/apprendre-le-francais-en-france\/","url":"https:\/\/www.accord-langues.com\/fr\/apprendre-le-francais-en-france\/","name":"Apprendre le fran\u00e7ais en France - \u00e9cole de fran\u00e7ais Qualit\u00e9 FLE","isPartOf":{"@id":"https:\/\/www.accord-langues.com\/fr\/#website"},"primaryImageOfPage":{"@id":"https:\/\/www.accord-langues.com\/fr\/apprendre-le-francais-en-france\/#primaryimage"},"image":{"@id":"https:\/\/www.accord-langues.com\/fr\/apprendre-le-francais-en-france\/#primaryimage"},"thumbnailUrl":"https:\/\/www.accord-langues.com\/wp-content\/uploads\/2023\/10\/ACCORD-French-Language-School-in-Paris.jpg","datePublished":"2023-10-17T16:56:02+00:00","dateModified":"2025-05-16T15:37:13+00:00","description":"Choisissez une \u00e9cole de fran\u00e7ais labellis\u00e9e Qualit\u00e9 FLE \u00e0 Paris pour suivre un cours intensif de fran\u00e7ais et apprendre le fran\u00e7ais en France.","inLanguage":"fr-FR","potentialAction":[{"@type":"ReadAction","target":["https:\/\/www.accord-langues.com\/fr\/apprendre-le-francais-en-france\/"]}]},{"@type":"ImageObject","inLanguage":"fr-FR","@id":"https:\/\/www.accord-langues.com\/fr\/apprendre-le-francais-en-france\/#primaryimage","url":"https:\/\/www.accord-langues.com\/wp-content\/uploads\/2023\/10\/ACCORD-French-Language-School-in-Paris.jpg","contentUrl":"https:\/\/www.accord-langues.com\/wp-content\/uploads\/2023\/10\/ACCORD-French-Language-School-in-Paris.jpg","width":1200,"height":867,"caption":"Apprendre le fran\u00e7ais en France \u00e0 ACCORD Paris"},{"@type":"WebSite","@id":"https:\/\/www.accord-langues.com\/fr\/#website","url":"https:\/\/www.accord-langues.com\/fr\/","name":"Accord Paris","description":"Learn French in France","publisher":{"@id":"https:\/\/www.accord-langues.com\/fr\/#organization"},"potentialAction":[{"@type":"SearchAction","target":{"@type":"EntryPoint","urlTemplate":"https:\/\/www.accord-langues.com\/fr\/?s={search_term_string}"},"query-input":{"@type":"PropertyValueSpecification","valueRequired":true,"valueName":"search_term_string"}}],"inLanguage":"fr-FR"},{"@type":"Organization","@id":"https:\/\/www.accord-langues.com\/fr\/#organization","name":"ACCORD Tour Eiffel","alternateName":"Learn French in Paris","url":"https:\/\/www.accord-langues.com\/fr\/","logo":{"@type":"ImageObject","inLanguage":"fr-FR","@id":"https:\/\/www.accord-langues.com\/fr\/#\/schema\/logo\/image\/","url":"https:\/\/www.accord-langues.com\/wp-content\/uploads\/2016\/06\/Logo.png","contentUrl":"https:\/\/www.accord-langues.com\/wp-content\/uploads\/2016\/06\/Logo.png","width":290,"height":70,"caption":"ACCORD Tour Eiffel"},"image":{"@id":"https:\/\/www.accord-langues.com\/fr\/#\/schema\/logo\/image\/"},"sameAs":["https:\/\/www.facebook.com\/accordecoledelangues","https:\/\/www.linkedin.com\/groups\/4542133\/"],"description":"ACCORD French Language School is one of the leading schools in France for teaching French to foreign students and offering high quality French language courses in Paris. The ACCORD language school is located in the heart of Paris, nearby the Eiffel Tower. The ACCORD school is open all year round and welcomes students from all over the world from the age of 16 in its French language courses. ACCORD school is accredited by the official \u201cQualit\u00e9 FLE\u201d label and is member of CAMPUS FRANCE, SOUFFLE and Atout France. ACCORD is official exam center for the TCF IRN, TCF TP, TCF Qu\u00e9bec and TCF Canada.","email":"info@accord-langues.com","telephone":"+33155335233","legalName":"FORUM ACCORD","foundingDate":"1990-02-23","numberOfEmployees":{"@type":"QuantitativeValue","minValue":"11","maxValue":"50"}},{"@type":"Person","@id":"https:\/\/www.accord-langues.com\/fr\/#\/schema\/person\/094b7403ccd70c90f43907c2f18fcd5c","name":"Fran\u00e7ois PFEIFFER","url":"https:\/\/www.accord-langues.com\/fr\/author\/ffpnat-21-05\/"}]}},"_links":{"self":[{"href":"https:\/\/www.accord-langues.com\/fr\/wp-json\/wp\/v2\/posts\/21362","targetHints":{"allow":["GET"]}}],"collection":[{"href":"https:\/\/www.accord-langues.com\/fr\/wp-json\/wp\/v2\/posts"}],"about":[{"href":"https:\/\/www.accord-langues.com\/fr\/wp-json\/wp\/v2\/types\/post"}],"author":[{"embeddable":true,"href":"https:\/\/www.accord-langues.com\/fr\/wp-json\/wp\/v2\/users\/10"}],"replies":[{"embeddable":true,"href":"https:\/\/www.accord-langues.com\/fr\/wp-json\/wp\/v2\/comments?post=21362"}],"version-history":[{"count":0,"href":"https:\/\/www.accord-langues.com\/fr\/wp-json\/wp\/v2\/posts\/21362\/revisions"}],"wp:featuredmedia":[{"embeddable":true,"href":"https:\/\/www.accord-langues.com\/fr\/wp-json\/wp\/v2\/media\/21370"}],"wp:attachment":[{"href":"https:\/\/www.accord-langues.com\/fr\/wp-json\/wp\/v2\/media?parent=21362"}],"wp:term":[{"taxonomy":"category","embeddable":true,"href":"https:\/\/www.accord-langues.com\/fr\/wp-json\/wp\/v2\/categories?post=21362"},{"taxonomy":"post_tag","embeddable":true,"href":"https:\/\/www.accord-langues.com\/fr\/wp-json\/wp\/v2\/tags?post=21362"}],"curies":[{"name":"wp","href":"https:\/\/api.w.org\/{rel}","templated":true}]}}