{"id":16738,"date":"2022-09-18T16:17:33","date_gmt":"2022-09-18T15:17:33","guid":{"rendered":"https:\/\/www.accord-langues.com\/?p=16738"},"modified":"2025-12-20T09:20:27","modified_gmt":"2025-12-20T09:20:27","slug":"etudier-en-france-avec-iki-pgs-et-accord-paris","status":"publish","type":"post","link":"https:\/\/www.accord-langues.com\/fr\/etudier-en-france-avec-iki-pgs-et-accord-paris\/","title":{"rendered":"\u00c9tudier en France avec IKI-PGS et ACCORD Paris"},"content":{"rendered":"<p><strong>Venez \u00e9tudier en France avec IKI-PGS et <a href=\"https:\/\/www.accord-langues.com\/fr\/accord-3bis-rue-jean-pierre-bloch-75015-paris\/\" target=\"_blank\" rel=\"noopener\">ACCORD Paris<\/a> en vous inscrivant \u00e0 l&rsquo;un des programmes acad\u00e9miques propos\u00e9s par IKI-PGS et ACCORD.<\/strong><\/p>\n<p><a href=\"https:\/\/parisgraduateschool.org\/courses\/school-of-business-undergraduate\/\" target=\"_blank\" rel=\"noopener\">L&rsquo;institut IKI-PGS<\/a> est ravi de s&rsquo;associer \u00e0 <a href=\"https:\/\/www.accord-langues.com\/fr\/\" target=\"_blank\" rel=\"noopener\">ACCORD Paris<\/a>, l&rsquo;une des principales \u00e9coles de France proposant des <a href=\"https:\/\/www.paris-move.com\/cours-de-francais-pour-etudiants-etrangers\/\" target=\"_blank\" rel=\"noopener\">cours de fran\u00e7ais aux \u00e9tudiants \u00e9trangers<\/a> et proposant des <a href=\"https:\/\/www.paris-move.com\/cours-de-francais-en-france\/\" target=\"_blank\" rel=\"noopener\">cours de fran\u00e7ais de haute qualit\u00e9<\/a> \u00e0 Paris. ACCORD Paris, c&rsquo;est 35 ans d&rsquo;exp\u00e9rience dans l&rsquo;enseignement du fran\u00e7ais aux \u00e9tudiants \u00e9trangers. L&rsquo;\u00e9cole ACCORD est <a href=\"https:\/\/www.accord-langues.com\/fr\/ecole-accord-labellisee-pour-la-cinquieme-fois\/\" target=\"_blank\" rel=\"noopener\">accr\u00e9dit\u00e9e Qualit\u00e9 FLE<\/a> et elle est membre de CAMPUS FRANCE et du groupement professionnel SOUFFLE.FLE.<\/p>\n<h2><span style=\"color: #ff6600;\"><a style=\"color: #ff6600;\" href=\"https:\/\/parisgraduateschool.org\/courses\/school-of-business-undergraduate\/\" target=\"_blank\" rel=\"noopener\">\u00c9tudier en France avec IKI-PGS<\/a> et ACCORD Paris\u00a0<\/span><\/h2>\n<p><strong>IKI-PGS propose une gamme compl\u00e8te de programmes r\u00e9put\u00e9s de Ma\u00eetrise, MBA, MPhil (pr\u00e9-doctorat) ainsi que de programmes BA Foundation. <\/strong>Ce partenariat exclusif combine l&rsquo;<a href=\"https:\/\/www.accord-langues.com\/fr\/cours-intensif-de-francais-en-france-a-paris\/\" target=\"_blank\" rel=\"noopener\">expertise acad\u00e9mique<\/a> de IKI-Paris et celle de ACCORD Paris pour proposer des programme conjoints de tr\u00e8s haut niveau con\u00e7us pour r\u00e9pondre \u00e0 un environnement mondialis\u00e9. IKI-PGS et ACCORD Paris sont tous deux enregistr\u00e9s comme Instituts Priv\u00e9s d&rsquo;Enseignement Sup\u00e9rieur.<\/p>\n<p>Notre <a href=\"https:\/\/www.accord-langues.com\/fr\/ecoles-langue-francaise-accord\/\" target=\"_blank\" rel=\"noopener\">campus ACCORD &#8211; IKI-PGS<\/a> est id\u00e9alement situ\u00e9, \u00e0 quelques pas de la Tour Eiffel, avec d&rsquo;excellentes installations, des professeurs et un personnel administratif sympathiques et exp\u00e9riment\u00e9s. Adresse du <a href=\"https:\/\/www.accord-langues.com\/fr\/accord-3bis-rue-jean-pierre-bloch-75015-paris\/\" target=\"_blank\" rel=\"noopener\">Campus IKI-PGS &#8211; ACCORD<\/a>: <a href=\"https:\/\/www.accord-langues.com\/fr\/ecoles-langue-francaise-accord\/\" target=\"_blank\" rel=\"noopener\">3bis rue Jean-Pierre Bloch, 75015 Paris, France<\/a><\/p>\n<h3><span style=\"color: #ff6600;\"><strong>\u00c9tudier en France avec l&rsquo;institut sup\u00e9rieur priv\u00e9 IKI-PGS<\/strong><\/span><\/h3>\n<p><strong>\u00c9l\u00e9ments cl\u00e9s du programme conjoint <a href=\"https:\/\/parisgraduateschool.org\/about-pgs\/accreditation\/\" target=\"_blank\" rel=\"noopener\">IKI-PGS<\/a> &amp; <a href=\"https:\/\/www.accord-langues.com\/fr\/choisir-l-ecole-accord-tour-eiffel-a-paris\/\" target=\"_blank\" rel=\"noopener\">ACCORD<\/a>:<\/strong><\/p>\n<p>\u2022 Les \u00e9tudiants re\u00e7oivent <strong>deux dipl\u00f4mes<\/strong>, un de chaque institution partenaire \u2013 doublant le prestige et la reconnaissance de leur formation.<br \/>\n\u2022 Le <strong><a href=\"https:\/\/www.accord-langues.com\/fr\/cours\/cours-intensif-de-francais-pm2-en-france\/\" target=\"_blank\" rel=\"noopener\">cours intensif de fran\u00e7ais de 20 heures par semaine<\/a><\/strong> enseign\u00e9 en face \u00e0 face sur le campus Tour Eiffel est compl\u00e9t\u00e9 par une formation et un support en ligne par les professeurs et le personnel de l&rsquo;<a href=\"https:\/\/parisgraduateschool.org\/international-staff-and-faculty-2\/\" target=\"_blank\" rel=\"noopener\">IKI-Paris Graduate School<\/a>.<br \/>\n\u2022 <strong>Les programmes acad\u00e9miques d&rsquo;IKI-PGS sont enti\u00e8rement dispens\u00e9s en anglais<\/strong>, compl\u00e9tant id\u00e9alement la <a href=\"https:\/\/www.accord-langues.com\/fr\/apprendre-le-francais-en-france\/\" target=\"_blank\" rel=\"noopener\">formation en langue fran\u00e7aise<\/a> et pr\u00e9parant les \u00e9tudiants \u00e0 travailler dans un environnement multinational.<br \/>\n\u2022 <strong>Environnement AVD (Apprentissage Virtuel D\u00e9di\u00e9)<\/strong> par <a href=\"https:\/\/moodle.ikinstitute.org\/\" target=\"_blank\" rel=\"noopener\">le portail IKI-PGS<\/a>.<br \/>\n\u2022 Les \u00e9tudiants ont la possibilit\u00e9 d&rsquo;obtenir un emploi \u00e0 temps partiel jusqu&rsquo;\u00e0 20 heures par semaine.<\/p>\n<p>Pour plus d&rsquo;informations, <strong>contactez IKI-PGS par email<\/strong> \u00e0 info@ikinstitute.org\u00a0 et\u00a0 info@parisgraduateschool.org\u00a0ou bien utilisez le <a href=\"https:\/\/www.french-paris.com\/contact\/\" target=\"_blank\" rel=\"noopener\">formulaire de contact en ligne<\/a> et n&rsquo;oubliez pas de consulter le Bureau CAMPUS FRANCE de votre pays pour pr\u00e9senter votre dossier pour validation.<\/p>\n<p><strong>A lire attentivement:<br \/>\n<\/strong>&#8211;\u00a0<a href=\"https:\/\/parisgraduateschool.org\/admission-procedures\/\" target=\"_blank\" rel=\"noopener\">Proc\u00e9dures d&rsquo;admission IKI-PGS<\/a><br \/>\n&#8211; <a href=\"https:\/\/parisgraduateschool.org\/visa-procedure\/\" target=\"_blank\" rel=\"noopener\">Proc\u00e9dures pour obtenir un Visa<\/a><\/p>\n<p><strong>Suivez-nous \u00e9galement ici:<\/strong><\/p>\n<ul>\n<li><a href=\"https:\/\/www.facebook.com\/accordecoledelangues\" target=\"_blank\" rel=\"noopener\">ACCORD Paris sur Facebook<\/a><\/li>\n<li>ACCORD Paris sur Tripadvisor<\/li>\n<li><a href=\"https:\/\/www.linkedin.com\/groups\/4542133\/\" target=\"_blank\" rel=\"noopener\">ACCORD Language Schools sur Linkedin<\/a><\/li>\n<li><a href=\"https:\/\/examensparis.fr\/\" target=\"_blank\" rel=\"noopener\">Centre d\u2019examens TCF \u00e0 Paris<\/a><\/li>\n<\/ul>\n","protected":false},"excerpt":{"rendered":"<p>Venez \u00e9tudier en France avec IKI-PGS et ACCORD Paris en vous inscrivant \u00e0 l&rsquo;un des programmes acad\u00e9miques propos\u00e9s par IKI-PGS et ACCORD.<\/p>\n","protected":false},"author":10,"featured_media":16740,"comment_status":"closed","ping_status":"closed","sticky":false,"template":"","format":"standard","meta":{"_acf_changed":false,"footnotes":""},"categories":[10660],"tags":[10128,10597,10616,10617,10168],"class_list":["post-16738","post","type-post","status-publish","format-standard","has-post-thumbnail","hentry","category-cours-de-francais-en-france","tag-accord","tag-accord-paris-fr","tag-etudier-en-france","tag-etudier-en-france-avec-iki-pgs-et-accord","tag-iki-pgs-fr"],"acf":[],"yoast_head":"<!-- This site is optimized with the Yoast SEO Premium plugin v27.5 (Yoast SEO v27.5) - https:\/\/yoast.com\/product\/yoast-seo-premium-wordpress\/ -->\n<title>\u00c9tudier en France avec IKI-PGS et ACCORD Paris - Accord Paris<\/title>\n<meta name=\"description\" content=\"Venez \u00e9tudier en France avec IKI-PGS et ACCORD Paris en vous inscrivant \u00e0 l&#039;un des programmes acad\u00e9miques propos\u00e9s par IKI-PGS et ACCORD.\" \/>\n<meta name=\"robots\" content=\"index, follow, max-snippet:-1, max-image-preview:large, max-video-preview:-1\" \/>\n<link rel=\"canonical\" href=\"https:\/\/www.accord-langues.com\/fr\/etudier-en-france-avec-iki-pgs-et-accord-paris\/\" \/>\n<meta property=\"og:locale\" content=\"fr_FR\" \/>\n<meta property=\"og:type\" content=\"article\" \/>\n<meta property=\"og:title\" content=\"\u00c9tudier en France avec IKI-PGS et ACCORD Paris\" \/>\n<meta property=\"og:description\" content=\"Venez \u00e9tudier en France avec IKI-PGS et ACCORD Paris en vous inscrivant \u00e0 l&#039;un des programmes acad\u00e9miques propos\u00e9s par IKI-PGS et ACCORD.\" \/>\n<meta property=\"og:url\" content=\"https:\/\/www.accord-langues.com\/fr\/etudier-en-france-avec-iki-pgs-et-accord-paris\/\" \/>\n<meta property=\"og:site_name\" content=\"Accord Paris\" \/>\n<meta property=\"article:publisher\" content=\"https:\/\/www.facebook.com\/accordecoledelangues\" \/>\n<meta property=\"article:published_time\" content=\"2022-09-18T15:17:33+00:00\" \/>\n<meta property=\"article:modified_time\" content=\"2025-12-20T09:20:27+00:00\" \/>\n<meta property=\"og:image\" content=\"https:\/\/www.accord-langues.com\/wp-content\/uploads\/2022\/09\/etudiante-IKI.jpg\" \/>\n\t<meta property=\"og:image:width\" content=\"900\" \/>\n\t<meta property=\"og:image:height\" content=\"900\" \/>\n\t<meta property=\"og:image:type\" content=\"image\/jpeg\" \/>\n<meta name=\"author\" content=\"Fran\u00e7ois PFEIFFER\" \/>\n<meta name=\"twitter:card\" content=\"summary_large_image\" \/>\n<meta name=\"twitter:label1\" content=\"\u00c9crit par\" \/>\n\t<meta name=\"twitter:data1\" content=\"Fran\u00e7ois PFEIFFER\" \/>\n\t<meta name=\"twitter:label2\" content=\"Dur\u00e9e de lecture estim\u00e9e\" \/>\n\t<meta name=\"twitter:data2\" content=\"2 minutes\" \/>\n<script type=\"application\/ld+json\" class=\"yoast-schema-graph\">{\"@context\":\"https:\\\/\\\/schema.org\",\"@graph\":[{\"@type\":\"Article\",\"@id\":\"https:\\\/\\\/www.accord-langues.com\\\/fr\\\/etudier-en-france-avec-iki-pgs-et-accord-paris\\\/#article\",\"isPartOf\":{\"@id\":\"https:\\\/\\\/www.accord-langues.com\\\/fr\\\/etudier-en-france-avec-iki-pgs-et-accord-paris\\\/\"},\"author\":{\"name\":\"Fran\u00e7ois PFEIFFER\",\"@id\":\"https:\\\/\\\/www.accord-langues.com\\\/fr\\\/#\\\/schema\\\/person\\\/094b7403ccd70c90f43907c2f18fcd5c\"},\"headline\":\"\u00c9tudier en France avec IKI-PGS et ACCORD Paris\",\"datePublished\":\"2022-09-18T15:17:33+00:00\",\"dateModified\":\"2025-12-20T09:20:27+00:00\",\"mainEntityOfPage\":{\"@id\":\"https:\\\/\\\/www.accord-langues.com\\\/fr\\\/etudier-en-france-avec-iki-pgs-et-accord-paris\\\/\"},\"wordCount\":453,\"publisher\":{\"@id\":\"https:\\\/\\\/www.accord-langues.com\\\/fr\\\/#organization\"},\"image\":{\"@id\":\"https:\\\/\\\/www.accord-langues.com\\\/fr\\\/etudier-en-france-avec-iki-pgs-et-accord-paris\\\/#primaryimage\"},\"thumbnailUrl\":\"https:\\\/\\\/www.accord-langues.com\\\/wp-content\\\/uploads\\\/2022\\\/09\\\/etudiante-IKI.jpg\",\"keywords\":[\"ACCORD\",\"ACCORD Paris\",\"\u00c9tudier en France\",\"\u00c9tudier en France avec IKI-PGS et ACCORD\",\"IKI PGS\"],\"articleSection\":[\"cours de fran\u00e7ais en France\"],\"inLanguage\":\"fr-FR\"},{\"@type\":\"WebPage\",\"@id\":\"https:\\\/\\\/www.accord-langues.com\\\/fr\\\/etudier-en-france-avec-iki-pgs-et-accord-paris\\\/\",\"url\":\"https:\\\/\\\/www.accord-langues.com\\\/fr\\\/etudier-en-france-avec-iki-pgs-et-accord-paris\\\/\",\"name\":\"\u00c9tudier en France avec IKI-PGS et ACCORD Paris - Accord Paris\",\"isPartOf\":{\"@id\":\"https:\\\/\\\/www.accord-langues.com\\\/fr\\\/#website\"},\"primaryImageOfPage\":{\"@id\":\"https:\\\/\\\/www.accord-langues.com\\\/fr\\\/etudier-en-france-avec-iki-pgs-et-accord-paris\\\/#primaryimage\"},\"image\":{\"@id\":\"https:\\\/\\\/www.accord-langues.com\\\/fr\\\/etudier-en-france-avec-iki-pgs-et-accord-paris\\\/#primaryimage\"},\"thumbnailUrl\":\"https:\\\/\\\/www.accord-langues.com\\\/wp-content\\\/uploads\\\/2022\\\/09\\\/etudiante-IKI.jpg\",\"datePublished\":\"2022-09-18T15:17:33+00:00\",\"dateModified\":\"2025-12-20T09:20:27+00:00\",\"description\":\"Venez \u00e9tudier en France avec IKI-PGS et ACCORD Paris en vous inscrivant \u00e0 l'un des programmes acad\u00e9miques propos\u00e9s par IKI-PGS et ACCORD.\",\"inLanguage\":\"fr-FR\",\"potentialAction\":[{\"@type\":\"ReadAction\",\"target\":[\"https:\\\/\\\/www.accord-langues.com\\\/fr\\\/etudier-en-france-avec-iki-pgs-et-accord-paris\\\/\"]}]},{\"@type\":\"ImageObject\",\"inLanguage\":\"fr-FR\",\"@id\":\"https:\\\/\\\/www.accord-langues.com\\\/fr\\\/etudier-en-france-avec-iki-pgs-et-accord-paris\\\/#primaryimage\",\"url\":\"https:\\\/\\\/www.accord-langues.com\\\/wp-content\\\/uploads\\\/2022\\\/09\\\/etudiante-IKI.jpg\",\"contentUrl\":\"https:\\\/\\\/www.accord-langues.com\\\/wp-content\\\/uploads\\\/2022\\\/09\\\/etudiante-IKI.jpg\",\"width\":900,\"height\":900,\"caption\":\"\u00c9tudier en France avec IKI-PGS et ACCORD Paris\"},{\"@type\":\"WebSite\",\"@id\":\"https:\\\/\\\/www.accord-langues.com\\\/fr\\\/#website\",\"url\":\"https:\\\/\\\/www.accord-langues.com\\\/fr\\\/\",\"name\":\"Accord Paris\",\"description\":\"Learn French in France\",\"publisher\":{\"@id\":\"https:\\\/\\\/www.accord-langues.com\\\/fr\\\/#organization\"},\"potentialAction\":[{\"@type\":\"SearchAction\",\"target\":{\"@type\":\"EntryPoint\",\"urlTemplate\":\"https:\\\/\\\/www.accord-langues.com\\\/fr\\\/?s={search_term_string}\"},\"query-input\":{\"@type\":\"PropertyValueSpecification\",\"valueRequired\":true,\"valueName\":\"search_term_string\"}}],\"inLanguage\":\"fr-FR\"},{\"@type\":\"Organization\",\"@id\":\"https:\\\/\\\/www.accord-langues.com\\\/fr\\\/#organization\",\"name\":\"ACCORD Tour Eiffel\",\"alternateName\":\"Learn French in Paris\",\"url\":\"https:\\\/\\\/www.accord-langues.com\\\/fr\\\/\",\"logo\":{\"@type\":\"ImageObject\",\"inLanguage\":\"fr-FR\",\"@id\":\"https:\\\/\\\/www.accord-langues.com\\\/fr\\\/#\\\/schema\\\/logo\\\/image\\\/\",\"url\":\"https:\\\/\\\/www.accord-langues.com\\\/wp-content\\\/uploads\\\/2016\\\/06\\\/Logo.png\",\"contentUrl\":\"https:\\\/\\\/www.accord-langues.com\\\/wp-content\\\/uploads\\\/2016\\\/06\\\/Logo.png\",\"width\":290,\"height\":70,\"caption\":\"ACCORD Tour Eiffel\"},\"image\":{\"@id\":\"https:\\\/\\\/www.accord-langues.com\\\/fr\\\/#\\\/schema\\\/logo\\\/image\\\/\"},\"sameAs\":[\"https:\\\/\\\/www.facebook.com\\\/accordecoledelangues\",\"https:\\\/\\\/www.linkedin.com\\\/groups\\\/4542133\\\/\"],\"description\":\"ACCORD French Language School is one of the leading schools in France for teaching French to foreign students and offering high quality French language courses in Paris. The ACCORD language school is located in the heart of Paris, nearby the Eiffel Tower. The ACCORD school is open all year round and welcomes students from all over the world from the age of 16 in its French language courses. ACCORD school is accredited by the official \u201cQualit\u00e9 FLE\u201d label and is member of CAMPUS FRANCE, SOUFFLE and Atout France. ACCORD is official exam center for the TCF IRN, TCF TP, TCF Qu\u00e9bec and TCF Canada.\",\"email\":\"info@accord-langues.com\",\"telephone\":\"+33155335233\",\"legalName\":\"FORUM ACCORD\",\"foundingDate\":\"1990-02-23\",\"numberOfEmployees\":{\"@type\":\"QuantitativeValue\",\"minValue\":\"11\",\"maxValue\":\"50\"}},{\"@type\":\"Person\",\"@id\":\"https:\\\/\\\/www.accord-langues.com\\\/fr\\\/#\\\/schema\\\/person\\\/094b7403ccd70c90f43907c2f18fcd5c\",\"name\":\"Fran\u00e7ois PFEIFFER\",\"url\":\"https:\\\/\\\/www.accord-langues.com\\\/fr\\\/author\\\/ffpnat-21-05\\\/\"}]}<\/script>\n<!-- \/ Yoast SEO Premium plugin. -->","yoast_head_json":{"title":"\u00c9tudier en France avec IKI-PGS et ACCORD Paris - Accord Paris","description":"Venez \u00e9tudier en France avec IKI-PGS et ACCORD Paris en vous inscrivant \u00e0 l'un des programmes acad\u00e9miques propos\u00e9s par IKI-PGS et ACCORD.","robots":{"index":"index","follow":"follow","max-snippet":"max-snippet:-1","max-image-preview":"max-image-preview:large","max-video-preview":"max-video-preview:-1"},"canonical":"https:\/\/www.accord-langues.com\/fr\/etudier-en-france-avec-iki-pgs-et-accord-paris\/","og_locale":"fr_FR","og_type":"article","og_title":"\u00c9tudier en France avec IKI-PGS et ACCORD Paris","og_description":"Venez \u00e9tudier en France avec IKI-PGS et ACCORD Paris en vous inscrivant \u00e0 l'un des programmes acad\u00e9miques propos\u00e9s par IKI-PGS et ACCORD.","og_url":"https:\/\/www.accord-langues.com\/fr\/etudier-en-france-avec-iki-pgs-et-accord-paris\/","og_site_name":"Accord Paris","article_publisher":"https:\/\/www.facebook.com\/accordecoledelangues","article_published_time":"2022-09-18T15:17:33+00:00","article_modified_time":"2025-12-20T09:20:27+00:00","og_image":[{"width":900,"height":900,"url":"https:\/\/www.accord-langues.com\/wp-content\/uploads\/2022\/09\/etudiante-IKI.jpg","type":"image\/jpeg"}],"author":"Fran\u00e7ois PFEIFFER","twitter_card":"summary_large_image","twitter_misc":{"\u00c9crit par":"Fran\u00e7ois PFEIFFER","Dur\u00e9e de lecture estim\u00e9e":"2 minutes"},"schema":{"@context":"https:\/\/schema.org","@graph":[{"@type":"Article","@id":"https:\/\/www.accord-langues.com\/fr\/etudier-en-france-avec-iki-pgs-et-accord-paris\/#article","isPartOf":{"@id":"https:\/\/www.accord-langues.com\/fr\/etudier-en-france-avec-iki-pgs-et-accord-paris\/"},"author":{"name":"Fran\u00e7ois PFEIFFER","@id":"https:\/\/www.accord-langues.com\/fr\/#\/schema\/person\/094b7403ccd70c90f43907c2f18fcd5c"},"headline":"\u00c9tudier en France avec IKI-PGS et ACCORD Paris","datePublished":"2022-09-18T15:17:33+00:00","dateModified":"2025-12-20T09:20:27+00:00","mainEntityOfPage":{"@id":"https:\/\/www.accord-langues.com\/fr\/etudier-en-france-avec-iki-pgs-et-accord-paris\/"},"wordCount":453,"publisher":{"@id":"https:\/\/www.accord-langues.com\/fr\/#organization"},"image":{"@id":"https:\/\/www.accord-langues.com\/fr\/etudier-en-france-avec-iki-pgs-et-accord-paris\/#primaryimage"},"thumbnailUrl":"https:\/\/www.accord-langues.com\/wp-content\/uploads\/2022\/09\/etudiante-IKI.jpg","keywords":["ACCORD","ACCORD Paris","\u00c9tudier en France","\u00c9tudier en France avec IKI-PGS et ACCORD","IKI PGS"],"articleSection":["cours de fran\u00e7ais en France"],"inLanguage":"fr-FR"},{"@type":"WebPage","@id":"https:\/\/www.accord-langues.com\/fr\/etudier-en-france-avec-iki-pgs-et-accord-paris\/","url":"https:\/\/www.accord-langues.com\/fr\/etudier-en-france-avec-iki-pgs-et-accord-paris\/","name":"\u00c9tudier en France avec IKI-PGS et ACCORD Paris - Accord Paris","isPartOf":{"@id":"https:\/\/www.accord-langues.com\/fr\/#website"},"primaryImageOfPage":{"@id":"https:\/\/www.accord-langues.com\/fr\/etudier-en-france-avec-iki-pgs-et-accord-paris\/#primaryimage"},"image":{"@id":"https:\/\/www.accord-langues.com\/fr\/etudier-en-france-avec-iki-pgs-et-accord-paris\/#primaryimage"},"thumbnailUrl":"https:\/\/www.accord-langues.com\/wp-content\/uploads\/2022\/09\/etudiante-IKI.jpg","datePublished":"2022-09-18T15:17:33+00:00","dateModified":"2025-12-20T09:20:27+00:00","description":"Venez \u00e9tudier en France avec IKI-PGS et ACCORD Paris en vous inscrivant \u00e0 l'un des programmes acad\u00e9miques propos\u00e9s par IKI-PGS et ACCORD.","inLanguage":"fr-FR","potentialAction":[{"@type":"ReadAction","target":["https:\/\/www.accord-langues.com\/fr\/etudier-en-france-avec-iki-pgs-et-accord-paris\/"]}]},{"@type":"ImageObject","inLanguage":"fr-FR","@id":"https:\/\/www.accord-langues.com\/fr\/etudier-en-france-avec-iki-pgs-et-accord-paris\/#primaryimage","url":"https:\/\/www.accord-langues.com\/wp-content\/uploads\/2022\/09\/etudiante-IKI.jpg","contentUrl":"https:\/\/www.accord-langues.com\/wp-content\/uploads\/2022\/09\/etudiante-IKI.jpg","width":900,"height":900,"caption":"\u00c9tudier en France avec IKI-PGS et ACCORD Paris"},{"@type":"WebSite","@id":"https:\/\/www.accord-langues.com\/fr\/#website","url":"https:\/\/www.accord-langues.com\/fr\/","name":"Accord Paris","description":"Learn French in France","publisher":{"@id":"https:\/\/www.accord-langues.com\/fr\/#organization"},"potentialAction":[{"@type":"SearchAction","target":{"@type":"EntryPoint","urlTemplate":"https:\/\/www.accord-langues.com\/fr\/?s={search_term_string}"},"query-input":{"@type":"PropertyValueSpecification","valueRequired":true,"valueName":"search_term_string"}}],"inLanguage":"fr-FR"},{"@type":"Organization","@id":"https:\/\/www.accord-langues.com\/fr\/#organization","name":"ACCORD Tour Eiffel","alternateName":"Learn French in Paris","url":"https:\/\/www.accord-langues.com\/fr\/","logo":{"@type":"ImageObject","inLanguage":"fr-FR","@id":"https:\/\/www.accord-langues.com\/fr\/#\/schema\/logo\/image\/","url":"https:\/\/www.accord-langues.com\/wp-content\/uploads\/2016\/06\/Logo.png","contentUrl":"https:\/\/www.accord-langues.com\/wp-content\/uploads\/2016\/06\/Logo.png","width":290,"height":70,"caption":"ACCORD Tour Eiffel"},"image":{"@id":"https:\/\/www.accord-langues.com\/fr\/#\/schema\/logo\/image\/"},"sameAs":["https:\/\/www.facebook.com\/accordecoledelangues","https:\/\/www.linkedin.com\/groups\/4542133\/"],"description":"ACCORD French Language School is one of the leading schools in France for teaching French to foreign students and offering high quality French language courses in Paris. The ACCORD language school is located in the heart of Paris, nearby the Eiffel Tower. The ACCORD school is open all year round and welcomes students from all over the world from the age of 16 in its French language courses. ACCORD school is accredited by the official \u201cQualit\u00e9 FLE\u201d label and is member of CAMPUS FRANCE, SOUFFLE and Atout France. ACCORD is official exam center for the TCF IRN, TCF TP, TCF Qu\u00e9bec and TCF Canada.","email":"info@accord-langues.com","telephone":"+33155335233","legalName":"FORUM ACCORD","foundingDate":"1990-02-23","numberOfEmployees":{"@type":"QuantitativeValue","minValue":"11","maxValue":"50"}},{"@type":"Person","@id":"https:\/\/www.accord-langues.com\/fr\/#\/schema\/person\/094b7403ccd70c90f43907c2f18fcd5c","name":"Fran\u00e7ois PFEIFFER","url":"https:\/\/www.accord-langues.com\/fr\/author\/ffpnat-21-05\/"}]}},"_links":{"self":[{"href":"https:\/\/www.accord-langues.com\/fr\/wp-json\/wp\/v2\/posts\/16738","targetHints":{"allow":["GET"]}}],"collection":[{"href":"https:\/\/www.accord-langues.com\/fr\/wp-json\/wp\/v2\/posts"}],"about":[{"href":"https:\/\/www.accord-langues.com\/fr\/wp-json\/wp\/v2\/types\/post"}],"author":[{"embeddable":true,"href":"https:\/\/www.accord-langues.com\/fr\/wp-json\/wp\/v2\/users\/10"}],"replies":[{"embeddable":true,"href":"https:\/\/www.accord-langues.com\/fr\/wp-json\/wp\/v2\/comments?post=16738"}],"version-history":[{"count":1,"href":"https:\/\/www.accord-langues.com\/fr\/wp-json\/wp\/v2\/posts\/16738\/revisions"}],"predecessor-version":[{"id":25884,"href":"https:\/\/www.accord-langues.com\/fr\/wp-json\/wp\/v2\/posts\/16738\/revisions\/25884"}],"wp:featuredmedia":[{"embeddable":true,"href":"https:\/\/www.accord-langues.com\/fr\/wp-json\/wp\/v2\/media\/16740"}],"wp:attachment":[{"href":"https:\/\/www.accord-langues.com\/fr\/wp-json\/wp\/v2\/media?parent=16738"}],"wp:term":[{"taxonomy":"category","embeddable":true,"href":"https:\/\/www.accord-langues.com\/fr\/wp-json\/wp\/v2\/categories?post=16738"},{"taxonomy":"post_tag","embeddable":true,"href":"https:\/\/www.accord-langues.com\/fr\/wp-json\/wp\/v2\/tags?post=16738"}],"curies":[{"name":"wp","href":"https:\/\/api.w.org\/{rel}","templated":true}]}}