{"id":12253,"date":"2021-10-17T18:57:16","date_gmt":"2021-10-17T17:57:16","guid":{"rendered":"https:\/\/www.accord-langues.com\/?p=12253"},"modified":"2024-01-25T11:40:02","modified_gmt":"2024-01-25T11:40:02","slug":"ecoutez-des-chansons-francaises-avec-accord","status":"publish","type":"post","link":"https:\/\/www.accord-langues.com\/fr\/ecoutez-des-chansons-francaises-avec-accord\/","title":{"rendered":"Ecoutez des chansons fran\u00e7aises avec ACCORD"},"content":{"rendered":"<h2><span style=\"color: #ff6600;\">Pour am\u00e9liorer votre fran\u00e7ais \u00e9coutez des chansons fran\u00e7aises!<\/span><\/h2>\n<p>\u00ab\u00a0N\u00e9 Jean-Claude David \u00e0 Pessac en 1946 (et d\u00e9c\u00e9d\u00e9 \u00e0 Paris en juillet de l\u2019an dernier), <strong>David Jisse<\/strong> d\u00e9buta sa carri\u00e8re musicale au sein du duo qu\u2019il forma treize ans durant avec la chanteuse Dominique Marge sous l\u2019appellation David &amp; Dominique. Figures des circuits que l\u2019on ne nommait pas encore alternatifs, ces deux-l\u00e0 v\u00e9hicul\u00e8rent, contre vents et courants contraires, maintes des valeurs et utopies dont les h\u00e9ritiers actuels de l\u2019esprit de 68 se sont \u00e0 nouveau empar\u00e9.<\/p>\n<p><em>\u201cJ\u2019ai commenc\u00e9 par la chanson. J\u2019ai rencontr\u00e9 Luc Ferrari et la libert\u00e9 dans la musique. J\u2019ai d\u00e9couvert le travail de studio et l\u2019art radiophonique. J\u2019ai compos\u00e9 pour la musique et le cin\u00e9ma. J\u2019ai gliss\u00e9 vers les antennes de Radio-France. J\u2019ai travaill\u00e9 pour des p\u00e9dagogies. J\u2019ai dirig\u00e9 la Muse en Circuit. J\u2019ai pr\u00e9sid\u00e9 le P\u00f4le-Sup 93 et Futurs Compos\u00e9s. Et je continue\u2026\u201d<\/em>. Ainsi d\u00e9peignait-il lui-m\u00eame son parcours voici trois ans \u00e0 peine.<\/p>\n<p>Lorsqu&rsquo;il rencontrait des \u00e9l\u00e8ves de coll\u00e8ge, dans les banlieues, il leur r\u00e9p\u00e9tait <strong><em>\u00ab\u00a0Pour am\u00e9liorer votre fran\u00e7ais, \u00e9coutez des <a href=\"https:\/\/www.accord-langues.com\/fr\/ecoutez-des-chansons-en-francais\/\" target=\"_blank\" rel=\"noopener\">chansons fran\u00e7aises<\/a>!\u00a0\u00bb<\/em><\/strong><\/p>\n<p>Apr\u00e8s avoir dirig\u00e9 un Centre National de Cr\u00e9ation Musicale, produit nombre d\u2019\u00e9missions radiophoniques pour France-Culture et \u00e9crit pour le cin\u00e9ma et le th\u00e9\u00e2tre, Jean-Claude David revint \u00e0 la sc\u00e8ne en 2018 avec la clavi\u00e9riste Nathalie Fortin et le multi-instrumentiste Michel Risse, pour un r\u00e9cital de compositions nouvelles (\u201cAssis Sur Ma Valise \u2013 D\u00e9tour De Chant\u201d), dont il n\u2019aura h\u00e9las eu le temps de voir publier ni l\u2019enregistrement studio, ni la captation live. C\u2019est par la gr\u00e2ce d\u2019un crowd-funding, ainsi que des contributions de la SACEM et du Syndicat de la Critique, que nous parviennent \u00e0 pr\u00e9sent les ultimes cr\u00e9ations de cet artiste-militant-animateur, \u00e9ternel passeur des questionnements, \u00e9lans et aspirations de notre temps.<\/p>\n<p>\u00c0 ses textes et arrangements aussi po\u00e9tiques que cisel\u00e9s (sur les ivoires prot\u00e9iformes d\u2019une Nathalie Fortin, virevoltant du jazz au classicisme romantique en passant par la bossa, et \u00e9pousant au cordeau les circonvolutions m\u00e9lodiques du vocaliste qu\u2019elle sert avec d\u00e9votion), ce coffret propose en bonus la tendre ferveur d\u2019un concert intimiste, via diverses prestations publiques capt\u00e9es de 2008 \u00e0 2018.<\/p>\n<p>En 26 titres de sa plume (dont un co-sign\u00e9 avec Jacques Bertin), augment\u00e9s d\u2019une reprise de \u201cLa M\u00e9moire Et La Mer\u201d de L\u00e9o Ferr\u00e9, voici donc le legs sensible et puissant d\u2019un talent trop m\u00e9connu de la Chanson Fran\u00e7aise majuscule, que (quitte \u00e0 contredire Gainsbourg) David Jisse pratiquait comme un art majeur.\u00a0\u00bb<\/p>\n<p>Chronique du coffret 2CD de David Jisse, \u00ab\u00a0Assis sur ma valise\u00a0\u00bb, r\u00e9dig\u00e9e par Patrick Dallongeville (<a href=\"https:\/\/www.paris-move.com\/\" target=\"_blank\" rel=\"noopener\">Paris-Move<\/a>, Illico &amp; BluesBoarder) et <a href=\"https:\/\/www.paris-move.com\/reviews\/david-jisse-assis-sur-ma-valise\/\" target=\"_blank\" rel=\"noopener\">publi\u00e9e sur Paris-Move.<\/a><\/p>\n<p>David Jisse, \u00ab\u00a0Assis Sur Ma Valise\u00a0\u00bb: un coffret \u00e0 commander sur le site de <a href=\"https:\/\/www.fremeaux.com\/index.php?page=shop.product_details&amp;category_id=74&amp;flypage=shop.flypage&amp;product_id=2079&amp;option=com_virtuemart\" target=\"_blank\" rel=\"noopener\">Fr\u00e9meaux &amp; Associ\u00e9s.<\/a><\/p>\n<p><strong>Pour <a href=\"https:\/\/www.accord-langues.com\/fr\/comment-ameliorer-votre-francais\/\" target=\"_blank\" rel=\"noopener\">am\u00e9liorer votre fran\u00e7ais<\/a>, \u00e9coutez <a href=\"https:\/\/www.accord-langues.com\/fr\/ecoutez-des-chansons-en-francais\/\" target=\"_blank\" rel=\"noopener\">des chansons fran\u00e7aises<\/a>, celles de ce coffret 2CD de David Jisse s\u00e9lectionn\u00e9 par ACCORD et PARIS-MOVE.<\/strong><\/p>\n<p><a href=\"https:\/\/www.accord-langues.com\/fr\/nous-contacter\/\" target=\"_blank\" rel=\"noopener\">Contactez ACCORD<\/a><\/p>\n<p>&nbsp;<\/p>\n","protected":false},"excerpt":{"rendered":"<p>Pour am\u00e9liorer votre fran\u00e7ais \u00e9coutez des chansons fran\u00e7aises! \u00ab\u00a0N\u00e9 Jean-Claude David \u00e0 Pessac en 1946 (et d\u00e9c\u00e9d\u00e9 \u00e0 Paris en [&hellip;]<\/p>\n","protected":false},"author":10,"featured_media":12254,"comment_status":"closed","ping_status":"closed","sticky":false,"template":"","format":"standard","meta":{"_acf_changed":false,"footnotes":""},"categories":[10659],"tags":[10128,10603,10604,10606,10605,10584],"class_list":["post-12253","post","type-post","status-publish","format-standard","has-post-thumbnail","hentry","category-apprendre-le-francais","tag-accord","tag-cours-intensif-de-francais","tag-cours-semi-intensif-de-francais","tag-david-jisse","tag-ecoutez-des-chansons-francaises","tag-paris-move-fr"],"acf":[],"yoast_head":"<!-- This site is optimized with the Yoast SEO Premium plugin v27.5 (Yoast SEO v27.5) - https:\/\/yoast.com\/product\/yoast-seo-premium-wordpress\/ -->\n<title>Ecoutez des chansons fran\u00e7aises avec ACCORD - Accord Paris<\/title>\n<meta name=\"description\" content=\"Pour am\u00e9liorer votre fran\u00e7ais \u00e9coutez des chansons fran\u00e7aises, celles de ce coffret 2CD de David Jisse s\u00e9lectionn\u00e9 par ACCORD.\" \/>\n<meta name=\"robots\" content=\"index, follow, max-snippet:-1, max-image-preview:large, max-video-preview:-1\" \/>\n<link rel=\"canonical\" href=\"https:\/\/www.accord-langues.com\/fr\/ecoutez-des-chansons-francaises-avec-accord\/\" \/>\n<meta property=\"og:locale\" content=\"fr_FR\" \/>\n<meta property=\"og:type\" content=\"article\" \/>\n<meta property=\"og:title\" content=\"Ecoutez des chansons fran\u00e7aises avec ACCORD\" \/>\n<meta property=\"og:description\" content=\"Pour am\u00e9liorer votre fran\u00e7ais \u00e9coutez des chansons fran\u00e7aises, celles de ce coffret 2CD de David Jisse s\u00e9lectionn\u00e9 par ACCORD.\" \/>\n<meta property=\"og:url\" content=\"https:\/\/www.accord-langues.com\/fr\/ecoutez-des-chansons-francaises-avec-accord\/\" \/>\n<meta property=\"og:site_name\" content=\"Accord Paris\" \/>\n<meta property=\"article:publisher\" content=\"https:\/\/www.facebook.com\/accordecoledelangues\" \/>\n<meta property=\"article:published_time\" content=\"2021-10-17T17:57:16+00:00\" \/>\n<meta property=\"article:modified_time\" content=\"2024-01-25T11:40:02+00:00\" \/>\n<meta property=\"og:image\" content=\"https:\/\/www.accord-langues.com\/wp-content\/uploads\/2021\/10\/DAVID-JISSE.jpg\" \/>\n\t<meta property=\"og:image:width\" content=\"897\" \/>\n\t<meta property=\"og:image:height\" content=\"784\" \/>\n\t<meta property=\"og:image:type\" content=\"image\/jpeg\" \/>\n<meta name=\"author\" content=\"Fran\u00e7ois PFEIFFER\" \/>\n<meta name=\"twitter:card\" content=\"summary_large_image\" \/>\n<meta name=\"twitter:label1\" content=\"\u00c9crit par\" \/>\n\t<meta name=\"twitter:data1\" content=\"Fran\u00e7ois PFEIFFER\" \/>\n\t<meta name=\"twitter:label2\" content=\"Dur\u00e9e de lecture estim\u00e9e\" \/>\n\t<meta name=\"twitter:data2\" content=\"3 minutes\" \/>\n<script type=\"application\/ld+json\" class=\"yoast-schema-graph\">{\"@context\":\"https:\\\/\\\/schema.org\",\"@graph\":[{\"@type\":\"Article\",\"@id\":\"https:\\\/\\\/www.accord-langues.com\\\/fr\\\/ecoutez-des-chansons-francaises-avec-accord\\\/#article\",\"isPartOf\":{\"@id\":\"https:\\\/\\\/www.accord-langues.com\\\/fr\\\/ecoutez-des-chansons-francaises-avec-accord\\\/\"},\"author\":{\"name\":\"Fran\u00e7ois PFEIFFER\",\"@id\":\"https:\\\/\\\/www.accord-langues.com\\\/fr\\\/#\\\/schema\\\/person\\\/094b7403ccd70c90f43907c2f18fcd5c\"},\"headline\":\"Ecoutez des chansons fran\u00e7aises avec ACCORD\",\"datePublished\":\"2021-10-17T17:57:16+00:00\",\"dateModified\":\"2024-01-25T11:40:02+00:00\",\"mainEntityOfPage\":{\"@id\":\"https:\\\/\\\/www.accord-langues.com\\\/fr\\\/ecoutez-des-chansons-francaises-avec-accord\\\/\"},\"wordCount\":535,\"publisher\":{\"@id\":\"https:\\\/\\\/www.accord-langues.com\\\/fr\\\/#organization\"},\"image\":{\"@id\":\"https:\\\/\\\/www.accord-langues.com\\\/fr\\\/ecoutez-des-chansons-francaises-avec-accord\\\/#primaryimage\"},\"thumbnailUrl\":\"https:\\\/\\\/www.accord-langues.com\\\/wp-content\\\/uploads\\\/2021\\\/10\\\/DAVID-JISSE.jpg\",\"keywords\":[\"ACCORD\",\"cours intensif de fran\u00e7ais\",\"cours semi-intensif de fran\u00e7ais\",\"David Jisse\",\"\u00e9coutez des chansons fran\u00e7aises\",\"PARIS-MOVE\"],\"articleSection\":[\"Apprendre le fran\u00e7ais\"],\"inLanguage\":\"fr-FR\"},{\"@type\":\"WebPage\",\"@id\":\"https:\\\/\\\/www.accord-langues.com\\\/fr\\\/ecoutez-des-chansons-francaises-avec-accord\\\/\",\"url\":\"https:\\\/\\\/www.accord-langues.com\\\/fr\\\/ecoutez-des-chansons-francaises-avec-accord\\\/\",\"name\":\"Ecoutez des chansons fran\u00e7aises avec ACCORD - Accord Paris\",\"isPartOf\":{\"@id\":\"https:\\\/\\\/www.accord-langues.com\\\/fr\\\/#website\"},\"primaryImageOfPage\":{\"@id\":\"https:\\\/\\\/www.accord-langues.com\\\/fr\\\/ecoutez-des-chansons-francaises-avec-accord\\\/#primaryimage\"},\"image\":{\"@id\":\"https:\\\/\\\/www.accord-langues.com\\\/fr\\\/ecoutez-des-chansons-francaises-avec-accord\\\/#primaryimage\"},\"thumbnailUrl\":\"https:\\\/\\\/www.accord-langues.com\\\/wp-content\\\/uploads\\\/2021\\\/10\\\/DAVID-JISSE.jpg\",\"datePublished\":\"2021-10-17T17:57:16+00:00\",\"dateModified\":\"2024-01-25T11:40:02+00:00\",\"description\":\"Pour am\u00e9liorer votre fran\u00e7ais \u00e9coutez des chansons fran\u00e7aises, celles de ce coffret 2CD de David Jisse s\u00e9lectionn\u00e9 par ACCORD.\",\"inLanguage\":\"fr-FR\",\"potentialAction\":[{\"@type\":\"ReadAction\",\"target\":[\"https:\\\/\\\/www.accord-langues.com\\\/fr\\\/ecoutez-des-chansons-francaises-avec-accord\\\/\"]}]},{\"@type\":\"ImageObject\",\"inLanguage\":\"fr-FR\",\"@id\":\"https:\\\/\\\/www.accord-langues.com\\\/fr\\\/ecoutez-des-chansons-francaises-avec-accord\\\/#primaryimage\",\"url\":\"https:\\\/\\\/www.accord-langues.com\\\/wp-content\\\/uploads\\\/2021\\\/10\\\/DAVID-JISSE.jpg\",\"contentUrl\":\"https:\\\/\\\/www.accord-langues.com\\\/wp-content\\\/uploads\\\/2021\\\/10\\\/DAVID-JISSE.jpg\",\"width\":897,\"height\":784,\"caption\":\"Ecoutez des chansons fran\u00e7aises avec ACCORD\"},{\"@type\":\"WebSite\",\"@id\":\"https:\\\/\\\/www.accord-langues.com\\\/fr\\\/#website\",\"url\":\"https:\\\/\\\/www.accord-langues.com\\\/fr\\\/\",\"name\":\"Accord Paris\",\"description\":\"Learn French in France\",\"publisher\":{\"@id\":\"https:\\\/\\\/www.accord-langues.com\\\/fr\\\/#organization\"},\"potentialAction\":[{\"@type\":\"SearchAction\",\"target\":{\"@type\":\"EntryPoint\",\"urlTemplate\":\"https:\\\/\\\/www.accord-langues.com\\\/fr\\\/?s={search_term_string}\"},\"query-input\":{\"@type\":\"PropertyValueSpecification\",\"valueRequired\":true,\"valueName\":\"search_term_string\"}}],\"inLanguage\":\"fr-FR\"},{\"@type\":\"Organization\",\"@id\":\"https:\\\/\\\/www.accord-langues.com\\\/fr\\\/#organization\",\"name\":\"ACCORD Tour Eiffel\",\"alternateName\":\"Learn French in Paris\",\"url\":\"https:\\\/\\\/www.accord-langues.com\\\/fr\\\/\",\"logo\":{\"@type\":\"ImageObject\",\"inLanguage\":\"fr-FR\",\"@id\":\"https:\\\/\\\/www.accord-langues.com\\\/fr\\\/#\\\/schema\\\/logo\\\/image\\\/\",\"url\":\"https:\\\/\\\/www.accord-langues.com\\\/wp-content\\\/uploads\\\/2016\\\/06\\\/Logo.png\",\"contentUrl\":\"https:\\\/\\\/www.accord-langues.com\\\/wp-content\\\/uploads\\\/2016\\\/06\\\/Logo.png\",\"width\":290,\"height\":70,\"caption\":\"ACCORD Tour Eiffel\"},\"image\":{\"@id\":\"https:\\\/\\\/www.accord-langues.com\\\/fr\\\/#\\\/schema\\\/logo\\\/image\\\/\"},\"sameAs\":[\"https:\\\/\\\/www.facebook.com\\\/accordecoledelangues\",\"https:\\\/\\\/www.linkedin.com\\\/groups\\\/4542133\\\/\"],\"description\":\"ACCORD French Language School is one of the leading schools in France for teaching French to foreign students and offering high quality French language courses in Paris. The ACCORD language school is located in the heart of Paris, nearby the Eiffel Tower. The ACCORD school is open all year round and welcomes students from all over the world from the age of 16 in its French language courses. ACCORD school is accredited by the official \u201cQualit\u00e9 FLE\u201d label and is member of CAMPUS FRANCE, SOUFFLE and Atout France. ACCORD is official exam center for the TCF IRN, TCF TP, TCF Qu\u00e9bec and TCF Canada.\",\"email\":\"info@accord-langues.com\",\"telephone\":\"+33155335233\",\"legalName\":\"FORUM ACCORD\",\"foundingDate\":\"1990-02-23\",\"numberOfEmployees\":{\"@type\":\"QuantitativeValue\",\"minValue\":\"11\",\"maxValue\":\"50\"}},{\"@type\":\"Person\",\"@id\":\"https:\\\/\\\/www.accord-langues.com\\\/fr\\\/#\\\/schema\\\/person\\\/094b7403ccd70c90f43907c2f18fcd5c\",\"name\":\"Fran\u00e7ois PFEIFFER\",\"url\":\"https:\\\/\\\/www.accord-langues.com\\\/fr\\\/author\\\/ffpnat-21-05\\\/\"}]}<\/script>\n<!-- \/ Yoast SEO Premium plugin. -->","yoast_head_json":{"title":"Ecoutez des chansons fran\u00e7aises avec ACCORD - Accord Paris","description":"Pour am\u00e9liorer votre fran\u00e7ais \u00e9coutez des chansons fran\u00e7aises, celles de ce coffret 2CD de David Jisse s\u00e9lectionn\u00e9 par ACCORD.","robots":{"index":"index","follow":"follow","max-snippet":"max-snippet:-1","max-image-preview":"max-image-preview:large","max-video-preview":"max-video-preview:-1"},"canonical":"https:\/\/www.accord-langues.com\/fr\/ecoutez-des-chansons-francaises-avec-accord\/","og_locale":"fr_FR","og_type":"article","og_title":"Ecoutez des chansons fran\u00e7aises avec ACCORD","og_description":"Pour am\u00e9liorer votre fran\u00e7ais \u00e9coutez des chansons fran\u00e7aises, celles de ce coffret 2CD de David Jisse s\u00e9lectionn\u00e9 par ACCORD.","og_url":"https:\/\/www.accord-langues.com\/fr\/ecoutez-des-chansons-francaises-avec-accord\/","og_site_name":"Accord Paris","article_publisher":"https:\/\/www.facebook.com\/accordecoledelangues","article_published_time":"2021-10-17T17:57:16+00:00","article_modified_time":"2024-01-25T11:40:02+00:00","og_image":[{"width":897,"height":784,"url":"https:\/\/www.accord-langues.com\/wp-content\/uploads\/2021\/10\/DAVID-JISSE.jpg","type":"image\/jpeg"}],"author":"Fran\u00e7ois PFEIFFER","twitter_card":"summary_large_image","twitter_misc":{"\u00c9crit par":"Fran\u00e7ois PFEIFFER","Dur\u00e9e de lecture estim\u00e9e":"3 minutes"},"schema":{"@context":"https:\/\/schema.org","@graph":[{"@type":"Article","@id":"https:\/\/www.accord-langues.com\/fr\/ecoutez-des-chansons-francaises-avec-accord\/#article","isPartOf":{"@id":"https:\/\/www.accord-langues.com\/fr\/ecoutez-des-chansons-francaises-avec-accord\/"},"author":{"name":"Fran\u00e7ois PFEIFFER","@id":"https:\/\/www.accord-langues.com\/fr\/#\/schema\/person\/094b7403ccd70c90f43907c2f18fcd5c"},"headline":"Ecoutez des chansons fran\u00e7aises avec ACCORD","datePublished":"2021-10-17T17:57:16+00:00","dateModified":"2024-01-25T11:40:02+00:00","mainEntityOfPage":{"@id":"https:\/\/www.accord-langues.com\/fr\/ecoutez-des-chansons-francaises-avec-accord\/"},"wordCount":535,"publisher":{"@id":"https:\/\/www.accord-langues.com\/fr\/#organization"},"image":{"@id":"https:\/\/www.accord-langues.com\/fr\/ecoutez-des-chansons-francaises-avec-accord\/#primaryimage"},"thumbnailUrl":"https:\/\/www.accord-langues.com\/wp-content\/uploads\/2021\/10\/DAVID-JISSE.jpg","keywords":["ACCORD","cours intensif de fran\u00e7ais","cours semi-intensif de fran\u00e7ais","David Jisse","\u00e9coutez des chansons fran\u00e7aises","PARIS-MOVE"],"articleSection":["Apprendre le fran\u00e7ais"],"inLanguage":"fr-FR"},{"@type":"WebPage","@id":"https:\/\/www.accord-langues.com\/fr\/ecoutez-des-chansons-francaises-avec-accord\/","url":"https:\/\/www.accord-langues.com\/fr\/ecoutez-des-chansons-francaises-avec-accord\/","name":"Ecoutez des chansons fran\u00e7aises avec ACCORD - Accord Paris","isPartOf":{"@id":"https:\/\/www.accord-langues.com\/fr\/#website"},"primaryImageOfPage":{"@id":"https:\/\/www.accord-langues.com\/fr\/ecoutez-des-chansons-francaises-avec-accord\/#primaryimage"},"image":{"@id":"https:\/\/www.accord-langues.com\/fr\/ecoutez-des-chansons-francaises-avec-accord\/#primaryimage"},"thumbnailUrl":"https:\/\/www.accord-langues.com\/wp-content\/uploads\/2021\/10\/DAVID-JISSE.jpg","datePublished":"2021-10-17T17:57:16+00:00","dateModified":"2024-01-25T11:40:02+00:00","description":"Pour am\u00e9liorer votre fran\u00e7ais \u00e9coutez des chansons fran\u00e7aises, celles de ce coffret 2CD de David Jisse s\u00e9lectionn\u00e9 par ACCORD.","inLanguage":"fr-FR","potentialAction":[{"@type":"ReadAction","target":["https:\/\/www.accord-langues.com\/fr\/ecoutez-des-chansons-francaises-avec-accord\/"]}]},{"@type":"ImageObject","inLanguage":"fr-FR","@id":"https:\/\/www.accord-langues.com\/fr\/ecoutez-des-chansons-francaises-avec-accord\/#primaryimage","url":"https:\/\/www.accord-langues.com\/wp-content\/uploads\/2021\/10\/DAVID-JISSE.jpg","contentUrl":"https:\/\/www.accord-langues.com\/wp-content\/uploads\/2021\/10\/DAVID-JISSE.jpg","width":897,"height":784,"caption":"Ecoutez des chansons fran\u00e7aises avec ACCORD"},{"@type":"WebSite","@id":"https:\/\/www.accord-langues.com\/fr\/#website","url":"https:\/\/www.accord-langues.com\/fr\/","name":"Accord Paris","description":"Learn French in France","publisher":{"@id":"https:\/\/www.accord-langues.com\/fr\/#organization"},"potentialAction":[{"@type":"SearchAction","target":{"@type":"EntryPoint","urlTemplate":"https:\/\/www.accord-langues.com\/fr\/?s={search_term_string}"},"query-input":{"@type":"PropertyValueSpecification","valueRequired":true,"valueName":"search_term_string"}}],"inLanguage":"fr-FR"},{"@type":"Organization","@id":"https:\/\/www.accord-langues.com\/fr\/#organization","name":"ACCORD Tour Eiffel","alternateName":"Learn French in Paris","url":"https:\/\/www.accord-langues.com\/fr\/","logo":{"@type":"ImageObject","inLanguage":"fr-FR","@id":"https:\/\/www.accord-langues.com\/fr\/#\/schema\/logo\/image\/","url":"https:\/\/www.accord-langues.com\/wp-content\/uploads\/2016\/06\/Logo.png","contentUrl":"https:\/\/www.accord-langues.com\/wp-content\/uploads\/2016\/06\/Logo.png","width":290,"height":70,"caption":"ACCORD Tour Eiffel"},"image":{"@id":"https:\/\/www.accord-langues.com\/fr\/#\/schema\/logo\/image\/"},"sameAs":["https:\/\/www.facebook.com\/accordecoledelangues","https:\/\/www.linkedin.com\/groups\/4542133\/"],"description":"ACCORD French Language School is one of the leading schools in France for teaching French to foreign students and offering high quality French language courses in Paris. The ACCORD language school is located in the heart of Paris, nearby the Eiffel Tower. The ACCORD school is open all year round and welcomes students from all over the world from the age of 16 in its French language courses. ACCORD school is accredited by the official \u201cQualit\u00e9 FLE\u201d label and is member of CAMPUS FRANCE, SOUFFLE and Atout France. ACCORD is official exam center for the TCF IRN, TCF TP, TCF Qu\u00e9bec and TCF Canada.","email":"info@accord-langues.com","telephone":"+33155335233","legalName":"FORUM ACCORD","foundingDate":"1990-02-23","numberOfEmployees":{"@type":"QuantitativeValue","minValue":"11","maxValue":"50"}},{"@type":"Person","@id":"https:\/\/www.accord-langues.com\/fr\/#\/schema\/person\/094b7403ccd70c90f43907c2f18fcd5c","name":"Fran\u00e7ois PFEIFFER","url":"https:\/\/www.accord-langues.com\/fr\/author\/ffpnat-21-05\/"}]}},"_links":{"self":[{"href":"https:\/\/www.accord-langues.com\/fr\/wp-json\/wp\/v2\/posts\/12253","targetHints":{"allow":["GET"]}}],"collection":[{"href":"https:\/\/www.accord-langues.com\/fr\/wp-json\/wp\/v2\/posts"}],"about":[{"href":"https:\/\/www.accord-langues.com\/fr\/wp-json\/wp\/v2\/types\/post"}],"author":[{"embeddable":true,"href":"https:\/\/www.accord-langues.com\/fr\/wp-json\/wp\/v2\/users\/10"}],"replies":[{"embeddable":true,"href":"https:\/\/www.accord-langues.com\/fr\/wp-json\/wp\/v2\/comments?post=12253"}],"version-history":[{"count":0,"href":"https:\/\/www.accord-langues.com\/fr\/wp-json\/wp\/v2\/posts\/12253\/revisions"}],"wp:featuredmedia":[{"embeddable":true,"href":"https:\/\/www.accord-langues.com\/fr\/wp-json\/wp\/v2\/media\/12254"}],"wp:attachment":[{"href":"https:\/\/www.accord-langues.com\/fr\/wp-json\/wp\/v2\/media?parent=12253"}],"wp:term":[{"taxonomy":"category","embeddable":true,"href":"https:\/\/www.accord-langues.com\/fr\/wp-json\/wp\/v2\/categories?post=12253"},{"taxonomy":"post_tag","embeddable":true,"href":"https:\/\/www.accord-langues.com\/fr\/wp-json\/wp\/v2\/tags?post=12253"}],"curies":[{"name":"wp","href":"https:\/\/api.w.org\/{rel}","templated":true}]}}