{"id":10533,"date":"2021-03-05T15:50:44","date_gmt":"2021-03-05T15:50:44","guid":{"rendered":"https:\/\/www.accord-langues.com\/?p=10533"},"modified":"2025-12-20T09:19:12","modified_gmt":"2025-12-20T09:19:12","slug":"pourquoi-apprendre-le-francais","status":"publish","type":"post","link":"https:\/\/www.accord-langues.com\/fr\/pourquoi-apprendre-le-francais\/","title":{"rendered":"Pourquoi apprendre le fran\u00e7ais ?"},"content":{"rendered":"<p>De nombreux \u00e9tudiants \u00e9trangers se posent souvent cette question avant de se d\u00e9cider \u00e0 apprendre notre langue: pourquoi <a href=\"https:\/\/www.accord-langues.com\/fr\/apprendre-le-francais-en-france\/\" target=\"_blank\" rel=\"noopener\">apprendre le fran\u00e7ais<\/a>? Pourquoi le fran\u00e7ais plut\u00f4t que l&rsquo;espagnol, l\u2019allemand ou l\u2019italien, par exemple? Pourquoi le fran\u00e7ais et non pas le japonais ou le chinois?<br \/>\nC\u2019est une bonne question, \u00e0 laquelle nous allons proposer des \u00e9l\u00e9ments de r\u00e9ponse, en insistant aussi sur le fait que <strong>toutes les langues sont belles et utiles \u00e0 apprendre!<\/strong><\/p>\n<h2><span style=\"color: #ff6600;\"><strong>Pourquoi <a style=\"color: #ff6600;\" href=\"https:\/\/www.accord-langues.com\/fr\/apprendre-le-francais-en-vacances-en-france\/\" target=\"_blank\" rel=\"noopener\">apprendre le fran\u00e7ais<\/a>?<\/strong><\/span><\/h2>\n<p>Parce que le fran\u00e7ais est la langue parl\u00e9e sur les cinq continents et la 6\u00e8me langue la plus utilis\u00e9e. On compterait d\u2019ailleurs actuellement plus de 279 millions de personnes parlant le fran\u00e7ais dans le monde.<br \/>\n<strong>Sur Wikipedia, qui a class\u00e9 en 2020 <a href=\"https:\/\/fr.wikipedia.org\/wiki\/Fran%C3%A7ais\" target=\"_blank\" rel=\"noopener noreferrer\">le fran\u00e7ais<\/a> comme 5\u00e8me langue la plus parl\u00e9e<\/strong>, c\u2019est un total de 276 millions de locuteurs qui est annonc\u00e9, avec 77 millions de personnes parlant le fran\u00e7ais comme premi\u00e8re langue.<\/p>\n<p>Nous vous invitons \u00e0 lire <strong>ce tr\u00e8s beau texte d&rsquo;\u00c9milie Drouin<\/strong>, une \u00e9l\u00e8ve de l&rsquo;\u00e9cole secondaire catholique d&rsquo;Embrun et premi\u00e8re laur\u00e9ate de la Bourse Michel-Gratton remise par le quotidien Le Droit. Extrait de cette tr\u00e8s belle lettre: <em>\u00ab\u00a0\u00catre francophone en Ontario aujourd&rsquo;hui, c&rsquo;est tout un privil\u00e8ge! Je pourrais bien vous dire que c&rsquo;est difficile, que nous sommes un peuple minoritaire, qu&rsquo;il faut se battre pour conserver notre langue, mais en toute honn\u00eatet\u00e9, je ne peux que sourire de fiert\u00e9 et vous affirmer que je n&rsquo;aurais pu demander de plus beau cadeau que celui d&rsquo;\u00eatre francophone.\u00a0\u00bb<\/em><\/p>\n<p>Lisez \u00e9galement cette tr\u00e8s belle et tr\u00e8s bonne recette que nous avait remise Rebecca Claire, \u00e9tudiante \u00e0 ACCORD, dans le cadre du Concours d\u2019\u00e9criture organis\u00e9 chaque ann\u00e9e par notre \u00e9cole. Un texte intitul\u00e9 \u201c<strong><a href=\"https:\/\/www.accord-langues.com\/fr\/accord-ecole-de-langue-francaise-une-recette-d-excellence\/\" target=\"_blank\" rel=\"noopener\">ACCORD \u00e9cole de langue fran\u00e7aise \u2013 Une recette d\u2019excellence<\/a>\u201d<\/strong> qui a permis \u00e0 Rebecca de remporter le premier prix de ce concours d\u2019\u00e9criture.<\/p>\n<p>Selon <a href=\"https:\/\/www.francophonie.org\/\" target=\"_blank\" rel=\"noopener noreferrer\">l&rsquo;Organisation internationale de la Francophonie (OIF)<\/a>, on comptera ainsi quelque 715 millions de francophones en 2050, soit 8% de la population mondiale, contre 3% actuellement.<br \/>\nLe fran\u00e7ais est la langue officielle de la R\u00e9publique fran\u00e7aise selon l&rsquo;article 2 de la Constitution de 1958, qui pr\u00e9cise que \u00ab\u00a0La R\u00e9publique participe \u00e9galement au d\u00e9veloppement de la solidarit\u00e9 et de la coop\u00e9ration entre les \u00c9tats et les peuples ayant le fran\u00e7ais en partage\u00a0\u00bb, dans l&rsquo;article 87 de la Constitution.<\/p>\n<h3><strong>Quels sont les pays europ\u00e9ens o\u00f9 l&rsquo;on parle fran\u00e7ais?<\/strong><\/h3>\n<p>Le fran\u00e7ais est la langue officielle pour 29 pays, ce qui classe le fran\u00e7ais au 2\u00e8me rang apr\u00e8s l\u2019anglais. Parler le fran\u00e7ais vous permet donc de converser sans probl\u00e8me de communication dans 29 pays, et donc de travailler dans, et avec, 29 pays! Voil\u00e0 pourquoi il faut <a href=\"https:\/\/www.accord-langues.com\/fr\/\" target=\"_blank\" rel=\"noopener noreferrer\">suivre un cours de fran\u00e7ais en France, \u00e0 ACCORD<\/a>.<br \/>\nLe fran\u00e7ais est \u00e9galement couramment parl\u00e9 dans une plusieurs autres pays comme l\u2019Alg\u00e9rie, le Maroc\u2026, sans qu\u2019il y b\u00e9n\u00e9ficie toutefois du statut de langue officielle. Et savez-vous que <a href=\"https:\/\/www.mtl.org\/en\" target=\"_blank\" rel=\"noopener noreferrer\">Montr\u00e9al, la plus grande ville du Qu\u00e9bec<\/a>, est \u00e9galement la quatri\u00e8me plus grande ville francophone du monde.<br \/>\nC\u2019est sans nul doute ce qui explique pourquoi <strong>le fran\u00e7ais est l\u2019une des langues les plus apprises dans le monde avec pr\u00e8s de 120 millions d\u2019apprenants, dont plus de 130.000 \u00e0 <a href=\"https:\/\/www.accord-langues.com\/fr\/choisir-ecole-de-langue-accord\/\" target=\"_blank\" rel=\"noopener\">ACCORD Paris<\/a> en 35 ans!<\/strong><\/p>\n<h3><span style=\"color: #ff6600;\"><strong>Pourquoi <a style=\"color: #ff6600;\" href=\"https:\/\/www.accord-langues.com\/fr\/cours\/cours-de-francais-intensif-plus-en-france\/\" target=\"_blank\" rel=\"noopener\">apprendre le fran\u00e7ais<\/a>?<\/strong><\/span><\/h3>\n<p>Le fran\u00e7ais est l\u2019une des principales langues de travail dans de nombreuses institutions internationales et europ\u00e9ennes (Parlement Europ\u00e9en, OCDE, UNESCO, ONU\u2026) et est langue officielle du Comit\u00e9 international olympique (CIO). C\u2019est aussi l\u2019une des trois langues officielles de travail au sein de l\u2019Union europ\u00e9enne, et la seule qui soit utilis\u00e9e lors des d\u00e9lib\u00e9rations de la Cour de justice de l\u2019Union Europ\u00e9enne. Enfin, c\u2019est l\u2019une des langues de travail reconnues des Nations Unies.<br \/>\nPar ailleurs, le fran\u00e7ais serait la quatri\u00e8me langue sur Internet. Elle serait la troisi\u00e8me langue la plus utilis\u00e9e sur Facebook et Wikip\u00e9dia et elle se classe au 6\u00e8me rang des langues les plus utilis\u00e9es par les internautes.<\/p>\n<h3><span style=\"color: #ff6600;\"><strong>Pourquoi <a style=\"color: #ff6600;\" href=\"https:\/\/www.paris-move.com\/cours-de-francais-pour-etudiants-etrangers\/\" target=\"_blank\" rel=\"noopener\">apprendre le fran\u00e7ais<\/a> \u00e0 ACCORD Paris?<\/strong><\/span><\/h3>\n<p>Selon <a href=\"https:\/\/www.francophonie.org\/\" target=\"_blank\" rel=\"noopener noreferrer\">l&rsquo;Organisation internationale de la Francophonie (OIF)<\/a>, le fran\u00e7ais est actuellement la cinqui\u00e8me langue la plus parl\u00e9e sur la plan\u00e8te, derri\u00e8re le mandarin, l\u2019anglais, l\u2019espagnol et l\u2019arabe ou l\u2019hindi, suivant les estimations prises en compte.<\/p>\n<p>Comme vous le dit Honor, \u00e9tudiante anglaise \u00e0 ACCORD: <em>\u00ab\u00a0J&rsquo;aime beaucoup la langue fran\u00e7aise! C\u2019est une tr\u00e8s belle langue&#8230; m\u00eame si la grammmaire est un peu compliqu\u00e9e, mais c&rsquo;est une tr\u00e8s bellle langue \u00e0 parler! J&rsquo;aime beaucoup parler le fran\u00e7ais.\u00a0\u00bb<\/em><\/p>\n<p><span style=\"color: #000000;\"><strong>Pourquoi <a href=\"https:\/\/www.accord-langues.com\/fr\/cours\/cours-intensif-de-francais-en-france\/\" target=\"_blank\" rel=\"noopener\">apprendre le fran\u00e7ais \u00e0 ACCORD<\/a>?<br \/>\n<\/strong><\/span><strong>Venir suivre <a href=\"https:\/\/www.accord-langues.com\/fr\/cours-intensif-de-francais-en-france-a-paris\/\" target=\"_blank\" rel=\"noopener\">un cours de fran\u00e7ais<\/a> \u00e0 ACCORD, ce n\u2019est pas seulement <a href=\"https:\/\/www.accord-langues.com\/fr\/immersion-culturelle-a-paris-pour-etudiants-etrangers\/\" target=\"_blank\" rel=\"noopener\">apprendre le fran\u00e7ais<\/a>, c\u2019est vivre une exp\u00e9rience inoubliable!<\/strong><\/p>\n<p><strong>Nos garanties qualit\u00e9:<\/strong><br \/>\n&#8211; Un public d\u2019apprenants tr\u00e8s vari\u00e9: <strong>pas plus de 12% d\u2019\u00e9tudiants de la m\u00eame nationalit\u00e9!<\/strong><br \/>\n&#8211; ACCORD Paris est une \u00e9cole enregistr\u00e9e au Rectorat de Paris comme <strong><a href=\"https:\/\/www.accord-langues.com\/fr\/accreditations-ecole-de-francais\/\" target=\"_blank\" rel=\"noopener\">Institut Sup\u00e9rieur Priv\u00e9<\/a>.<\/strong><br \/>\n&#8211; L\u2019\u00e9cole <a href=\"https:\/\/www.accord-langues.com\/fr\/choisir-l-ecole-accord-tour-eiffel-a-paris\/\" target=\"_blank\" rel=\"noopener\">ACCORD Paris<\/a> est <a href=\"https:\/\/www.accord-langues.com\/fr\/ecole-accord-labellisee-pour-la-cinquieme-fois\/\" target=\"_blank\" rel=\"noopener noreferrer\"><strong>accr\u00e9dit\u00e9e \u201cQualit\u00e9 FLE\u201d.<\/strong><\/a><br \/>\n&#8211; L\u2019\u00e9cole ACCORD Paris est <strong>membre du groupement professionnel SOUFFLE.FLE<\/strong><br \/>\n&#8211; L&rsquo;\u00e9cole ACCORD Paris est <strong>membre de CAMPUS FRANCE.<\/strong><br \/>\n&#8211; ACCORD, c\u2019est <strong>35 ans d\u2019exp\u00e9rience<\/strong> dans l\u2019enseignement du fran\u00e7ais langue \u00e9trang\u00e8re et <strong>plus de 130.000 \u00e9tudiants accueillis dans nos <a href=\"https:\/\/www.accord-langues.com\/fr\/cours\/cours-intensif-de-francais-c-26h\/\" target=\"_blank\" rel=\"noopener\">cours de fran\u00e7ais \u00e0 Paris<\/a> depuis 1988,<\/strong><br \/>\n&#8211; <strong>Pas de frais cach\u00e9s!<\/strong> Pas de mat\u00e9riel p\u00e9dagogique \u00e0 acheter! Vous ne payez que le prix du cours, c\u2019est tout!<\/p>\n<div id='gallery-1' class='gallery galleryid-10533 gallery-columns-1 gallery-size-large'><figure class='gallery-item'>\n\t\t\t<div class='gallery-icon landscape'>\n\t\t\t\t<a href='https:\/\/www.accord-langues.com\/wp-content\/uploads\/2021\/02\/students-in-Paris.jpg'><img decoding=\"async\" width=\"640\" height=\"360\" src=\"https:\/\/www.accord-langues.com\/wp-content\/uploads\/2021\/02\/students-in-Paris-1024x576.jpg\" class=\"attachment-large size-large\" alt=\"Pourquoi apprendre le fran\u00e7ais \u00e0 ACCORD Paris\" srcset=\"https:\/\/www.accord-langues.com\/wp-content\/uploads\/2021\/02\/students-in-Paris-1024x576.jpg 1024w, https:\/\/www.accord-langues.com\/wp-content\/uploads\/2021\/02\/students-in-Paris-300x169.jpg 300w, https:\/\/www.accord-langues.com\/wp-content\/uploads\/2021\/02\/students-in-Paris-768x432.jpg 768w, https:\/\/www.accord-langues.com\/wp-content\/uploads\/2021\/02\/students-in-Paris-1536x864.jpg 1536w, https:\/\/www.accord-langues.com\/wp-content\/uploads\/2021\/02\/students-in-Paris.jpg 1600w\" sizes=\"(max-width: 640px) 100vw, 640px\" title=\"Pourquoi apprendre le fran\u00e7ais \u00e0 ACCORD Paris\" \/><\/a>\n\t\t\t<\/div><\/figure>\n\t\t<\/div>\n\n<p><strong>T\u00e9moignages d\u2019\u00e9tudiants de ACCORD:<\/strong><\/p>\n<p><em>\u00ab\u00a0Great course. I loved all my teachers. Staff very helpful. I would love to come back and I will recommend the school. Thanks for the great experience.\u00a0\u00bb<\/em> &#8211; Gustavo (Brazil)<\/p>\n<p><em>\u00ab\u00a0The classes are extremely interactive, with most emphasis being placed on oral development. The materials and references you receive are invaluable.\u00a0\u00bb<\/em> &#8211; Sebastian (Germany)<\/p>\n<p>Et beaucoup d\u2019autres <a href=\"https:\/\/www.accord-langues.com\/fr\/avis-temoignages-cours-francais\/\" target=\"_blank\" rel=\"noopener\">t\u00e9moignages ici<\/a>.<\/p>\n<p><strong>Et vous, vous commencez quand votre <a href=\"https:\/\/www.accord-langues.com\/fr\/apprendre-le-francais-en-france-a-paris\/\" target=\"_blank\" rel=\"noopener\">cours de fran\u00e7ais<\/a> \u00e0 ACCORD?<\/strong><\/p>\n<p>Pour en savoir plus sur nos cours de fran\u00e7ais, <a href=\"https:\/\/examensparis.fr\/contactez-examensparis\/\" target=\"_blank\" rel=\"noopener noreferrer\">contactez-nous par email<\/a><\/p>\n<p>&nbsp;<\/p>\n","protected":false},"excerpt":{"rendered":"<p>De nombreux \u00e9tudiants \u00e9trangers se posent souvent cette question avant de se d\u00e9cider \u00e0 apprendre notre langue: pourquoi apprendre le fran\u00e7ais?<\/p>\n","protected":false},"author":10,"featured_media":10446,"comment_status":"closed","ping_status":"closed","sticky":false,"template":"","format":"standard","meta":{"_acf_changed":false,"footnotes":""},"categories":[10659],"tags":[10578,10594],"class_list":["post-10533","post","type-post","status-publish","format-standard","has-post-thumbnail","hentry","category-apprendre-le-francais","tag-apprendre-le-francais","tag-pourquoi-apprendre-le-francais"],"acf":[],"yoast_head":"<!-- This site is optimized with the Yoast SEO Premium plugin v27.5 (Yoast SEO v27.5) - https:\/\/yoast.com\/product\/yoast-seo-premium-wordpress\/ -->\n<title>Pourquoi apprendre le fran\u00e7ais ? - Accord Paris<\/title>\n<meta name=\"description\" content=\"Pourquoi apprendre le fran\u00e7ais ? Avec ACCORD, ce n\u2019est pas seulement apprendre le fran\u00e7ais en France, c\u2019est vivre une exp\u00e9rience inoubliable !\" \/>\n<meta name=\"robots\" content=\"index, follow, max-snippet:-1, max-image-preview:large, max-video-preview:-1\" \/>\n<link rel=\"canonical\" href=\"https:\/\/www.accord-langues.com\/fr\/pourquoi-apprendre-le-francais\/\" \/>\n<meta property=\"og:locale\" content=\"fr_FR\" \/>\n<meta property=\"og:type\" content=\"article\" \/>\n<meta property=\"og:title\" content=\"Pourquoi apprendre le fran\u00e7ais ?\" \/>\n<meta property=\"og:description\" content=\"Pourquoi apprendre le fran\u00e7ais ? Avec ACCORD, ce n\u2019est pas seulement apprendre le fran\u00e7ais en France, c\u2019est vivre une exp\u00e9rience inoubliable !\" \/>\n<meta property=\"og:url\" content=\"https:\/\/www.accord-langues.com\/fr\/pourquoi-apprendre-le-francais\/\" \/>\n<meta property=\"og:site_name\" content=\"Accord Paris\" \/>\n<meta property=\"article:publisher\" content=\"https:\/\/www.facebook.com\/accordecoledelangues\" \/>\n<meta property=\"article:published_time\" content=\"2021-03-05T15:50:44+00:00\" \/>\n<meta property=\"article:modified_time\" content=\"2025-12-20T09:19:12+00:00\" \/>\n<meta property=\"og:image\" content=\"https:\/\/www.accord-langues.com\/wp-content\/uploads\/2021\/03\/ACCORD-French-Language-Schools-4.jpg\" \/>\n\t<meta property=\"og:image:width\" content=\"1536\" \/>\n\t<meta property=\"og:image:height\" content=\"1025\" \/>\n\t<meta property=\"og:image:type\" content=\"image\/jpeg\" \/>\n<meta name=\"author\" content=\"Fran\u00e7ois PFEIFFER\" \/>\n<meta name=\"twitter:card\" content=\"summary_large_image\" \/>\n<meta name=\"twitter:label1\" content=\"\u00c9crit par\" \/>\n\t<meta name=\"twitter:data1\" content=\"Fran\u00e7ois PFEIFFER\" \/>\n\t<meta name=\"twitter:label2\" content=\"Dur\u00e9e de lecture estim\u00e9e\" \/>\n\t<meta name=\"twitter:data2\" content=\"5 minutes\" \/>\n<script type=\"application\/ld+json\" class=\"yoast-schema-graph\">{\"@context\":\"https:\\\/\\\/schema.org\",\"@graph\":[{\"@type\":\"Article\",\"@id\":\"https:\\\/\\\/www.accord-langues.com\\\/fr\\\/pourquoi-apprendre-le-francais\\\/#article\",\"isPartOf\":{\"@id\":\"https:\\\/\\\/www.accord-langues.com\\\/fr\\\/pourquoi-apprendre-le-francais\\\/\"},\"author\":{\"name\":\"Fran\u00e7ois PFEIFFER\",\"@id\":\"https:\\\/\\\/www.accord-langues.com\\\/fr\\\/#\\\/schema\\\/person\\\/094b7403ccd70c90f43907c2f18fcd5c\"},\"headline\":\"Pourquoi apprendre le fran\u00e7ais ?\",\"datePublished\":\"2021-03-05T15:50:44+00:00\",\"dateModified\":\"2025-12-20T09:19:12+00:00\",\"mainEntityOfPage\":{\"@id\":\"https:\\\/\\\/www.accord-langues.com\\\/fr\\\/pourquoi-apprendre-le-francais\\\/\"},\"wordCount\":1070,\"publisher\":{\"@id\":\"https:\\\/\\\/www.accord-langues.com\\\/fr\\\/#organization\"},\"image\":{\"@id\":\"https:\\\/\\\/www.accord-langues.com\\\/fr\\\/pourquoi-apprendre-le-francais\\\/#primaryimage\"},\"thumbnailUrl\":\"https:\\\/\\\/www.accord-langues.com\\\/wp-content\\\/uploads\\\/2021\\\/03\\\/ACCORD-French-Language-Schools-4.jpg\",\"keywords\":[\"Apprendre le fran\u00e7ais\",\"Pourquoi apprendre le fran\u00e7ais\"],\"articleSection\":[\"Apprendre le fran\u00e7ais\"],\"inLanguage\":\"fr-FR\"},{\"@type\":\"WebPage\",\"@id\":\"https:\\\/\\\/www.accord-langues.com\\\/fr\\\/pourquoi-apprendre-le-francais\\\/\",\"url\":\"https:\\\/\\\/www.accord-langues.com\\\/fr\\\/pourquoi-apprendre-le-francais\\\/\",\"name\":\"Pourquoi apprendre le fran\u00e7ais ? - Accord Paris\",\"isPartOf\":{\"@id\":\"https:\\\/\\\/www.accord-langues.com\\\/fr\\\/#website\"},\"primaryImageOfPage\":{\"@id\":\"https:\\\/\\\/www.accord-langues.com\\\/fr\\\/pourquoi-apprendre-le-francais\\\/#primaryimage\"},\"image\":{\"@id\":\"https:\\\/\\\/www.accord-langues.com\\\/fr\\\/pourquoi-apprendre-le-francais\\\/#primaryimage\"},\"thumbnailUrl\":\"https:\\\/\\\/www.accord-langues.com\\\/wp-content\\\/uploads\\\/2021\\\/03\\\/ACCORD-French-Language-Schools-4.jpg\",\"datePublished\":\"2021-03-05T15:50:44+00:00\",\"dateModified\":\"2025-12-20T09:19:12+00:00\",\"description\":\"Pourquoi apprendre le fran\u00e7ais ? Avec ACCORD, ce n\u2019est pas seulement apprendre le fran\u00e7ais en France, c\u2019est vivre une exp\u00e9rience inoubliable !\",\"inLanguage\":\"fr-FR\",\"potentialAction\":[{\"@type\":\"ReadAction\",\"target\":[\"https:\\\/\\\/www.accord-langues.com\\\/fr\\\/pourquoi-apprendre-le-francais\\\/\"]}]},{\"@type\":\"ImageObject\",\"inLanguage\":\"fr-FR\",\"@id\":\"https:\\\/\\\/www.accord-langues.com\\\/fr\\\/pourquoi-apprendre-le-francais\\\/#primaryimage\",\"url\":\"https:\\\/\\\/www.accord-langues.com\\\/wp-content\\\/uploads\\\/2021\\\/03\\\/ACCORD-French-Language-Schools-4.jpg\",\"contentUrl\":\"https:\\\/\\\/www.accord-langues.com\\\/wp-content\\\/uploads\\\/2021\\\/03\\\/ACCORD-French-Language-Schools-4.jpg\",\"width\":1536,\"height\":1025,\"caption\":\"\u00e9cole de langue fran\u00e7aise ACCORD\"},{\"@type\":\"WebSite\",\"@id\":\"https:\\\/\\\/www.accord-langues.com\\\/fr\\\/#website\",\"url\":\"https:\\\/\\\/www.accord-langues.com\\\/fr\\\/\",\"name\":\"Accord Paris\",\"description\":\"Learn French in France\",\"publisher\":{\"@id\":\"https:\\\/\\\/www.accord-langues.com\\\/fr\\\/#organization\"},\"potentialAction\":[{\"@type\":\"SearchAction\",\"target\":{\"@type\":\"EntryPoint\",\"urlTemplate\":\"https:\\\/\\\/www.accord-langues.com\\\/fr\\\/?s={search_term_string}\"},\"query-input\":{\"@type\":\"PropertyValueSpecification\",\"valueRequired\":true,\"valueName\":\"search_term_string\"}}],\"inLanguage\":\"fr-FR\"},{\"@type\":\"Organization\",\"@id\":\"https:\\\/\\\/www.accord-langues.com\\\/fr\\\/#organization\",\"name\":\"ACCORD Tour Eiffel\",\"alternateName\":\"Learn French in Paris\",\"url\":\"https:\\\/\\\/www.accord-langues.com\\\/fr\\\/\",\"logo\":{\"@type\":\"ImageObject\",\"inLanguage\":\"fr-FR\",\"@id\":\"https:\\\/\\\/www.accord-langues.com\\\/fr\\\/#\\\/schema\\\/logo\\\/image\\\/\",\"url\":\"https:\\\/\\\/www.accord-langues.com\\\/wp-content\\\/uploads\\\/2016\\\/06\\\/Logo.png\",\"contentUrl\":\"https:\\\/\\\/www.accord-langues.com\\\/wp-content\\\/uploads\\\/2016\\\/06\\\/Logo.png\",\"width\":290,\"height\":70,\"caption\":\"ACCORD Tour Eiffel\"},\"image\":{\"@id\":\"https:\\\/\\\/www.accord-langues.com\\\/fr\\\/#\\\/schema\\\/logo\\\/image\\\/\"},\"sameAs\":[\"https:\\\/\\\/www.facebook.com\\\/accordecoledelangues\",\"https:\\\/\\\/www.linkedin.com\\\/groups\\\/4542133\\\/\"],\"description\":\"ACCORD French Language School is one of the leading schools in France for teaching French to foreign students and offering high quality French language courses in Paris. The ACCORD language school is located in the heart of Paris, nearby the Eiffel Tower. The ACCORD school is open all year round and welcomes students from all over the world from the age of 16 in its French language courses. ACCORD school is accredited by the official \u201cQualit\u00e9 FLE\u201d label and is member of CAMPUS FRANCE, SOUFFLE and Atout France. ACCORD is official exam center for the TCF IRN, TCF TP, TCF Qu\u00e9bec and TCF Canada.\",\"email\":\"info@accord-langues.com\",\"telephone\":\"+33155335233\",\"legalName\":\"FORUM ACCORD\",\"foundingDate\":\"1990-02-23\",\"numberOfEmployees\":{\"@type\":\"QuantitativeValue\",\"minValue\":\"11\",\"maxValue\":\"50\"}},{\"@type\":\"Person\",\"@id\":\"https:\\\/\\\/www.accord-langues.com\\\/fr\\\/#\\\/schema\\\/person\\\/094b7403ccd70c90f43907c2f18fcd5c\",\"name\":\"Fran\u00e7ois PFEIFFER\",\"url\":\"https:\\\/\\\/www.accord-langues.com\\\/fr\\\/author\\\/ffpnat-21-05\\\/\"}]}<\/script>\n<!-- \/ Yoast SEO Premium plugin. -->","yoast_head_json":{"title":"Pourquoi apprendre le fran\u00e7ais ? - Accord Paris","description":"Pourquoi apprendre le fran\u00e7ais ? Avec ACCORD, ce n\u2019est pas seulement apprendre le fran\u00e7ais en France, c\u2019est vivre une exp\u00e9rience inoubliable !","robots":{"index":"index","follow":"follow","max-snippet":"max-snippet:-1","max-image-preview":"max-image-preview:large","max-video-preview":"max-video-preview:-1"},"canonical":"https:\/\/www.accord-langues.com\/fr\/pourquoi-apprendre-le-francais\/","og_locale":"fr_FR","og_type":"article","og_title":"Pourquoi apprendre le fran\u00e7ais ?","og_description":"Pourquoi apprendre le fran\u00e7ais ? Avec ACCORD, ce n\u2019est pas seulement apprendre le fran\u00e7ais en France, c\u2019est vivre une exp\u00e9rience inoubliable !","og_url":"https:\/\/www.accord-langues.com\/fr\/pourquoi-apprendre-le-francais\/","og_site_name":"Accord Paris","article_publisher":"https:\/\/www.facebook.com\/accordecoledelangues","article_published_time":"2021-03-05T15:50:44+00:00","article_modified_time":"2025-12-20T09:19:12+00:00","og_image":[{"width":1536,"height":1025,"url":"https:\/\/www.accord-langues.com\/wp-content\/uploads\/2021\/03\/ACCORD-French-Language-Schools-4.jpg","type":"image\/jpeg"}],"author":"Fran\u00e7ois PFEIFFER","twitter_card":"summary_large_image","twitter_misc":{"\u00c9crit par":"Fran\u00e7ois PFEIFFER","Dur\u00e9e de lecture estim\u00e9e":"5 minutes"},"schema":{"@context":"https:\/\/schema.org","@graph":[{"@type":"Article","@id":"https:\/\/www.accord-langues.com\/fr\/pourquoi-apprendre-le-francais\/#article","isPartOf":{"@id":"https:\/\/www.accord-langues.com\/fr\/pourquoi-apprendre-le-francais\/"},"author":{"name":"Fran\u00e7ois PFEIFFER","@id":"https:\/\/www.accord-langues.com\/fr\/#\/schema\/person\/094b7403ccd70c90f43907c2f18fcd5c"},"headline":"Pourquoi apprendre le fran\u00e7ais ?","datePublished":"2021-03-05T15:50:44+00:00","dateModified":"2025-12-20T09:19:12+00:00","mainEntityOfPage":{"@id":"https:\/\/www.accord-langues.com\/fr\/pourquoi-apprendre-le-francais\/"},"wordCount":1070,"publisher":{"@id":"https:\/\/www.accord-langues.com\/fr\/#organization"},"image":{"@id":"https:\/\/www.accord-langues.com\/fr\/pourquoi-apprendre-le-francais\/#primaryimage"},"thumbnailUrl":"https:\/\/www.accord-langues.com\/wp-content\/uploads\/2021\/03\/ACCORD-French-Language-Schools-4.jpg","keywords":["Apprendre le fran\u00e7ais","Pourquoi apprendre le fran\u00e7ais"],"articleSection":["Apprendre le fran\u00e7ais"],"inLanguage":"fr-FR"},{"@type":"WebPage","@id":"https:\/\/www.accord-langues.com\/fr\/pourquoi-apprendre-le-francais\/","url":"https:\/\/www.accord-langues.com\/fr\/pourquoi-apprendre-le-francais\/","name":"Pourquoi apprendre le fran\u00e7ais ? - Accord Paris","isPartOf":{"@id":"https:\/\/www.accord-langues.com\/fr\/#website"},"primaryImageOfPage":{"@id":"https:\/\/www.accord-langues.com\/fr\/pourquoi-apprendre-le-francais\/#primaryimage"},"image":{"@id":"https:\/\/www.accord-langues.com\/fr\/pourquoi-apprendre-le-francais\/#primaryimage"},"thumbnailUrl":"https:\/\/www.accord-langues.com\/wp-content\/uploads\/2021\/03\/ACCORD-French-Language-Schools-4.jpg","datePublished":"2021-03-05T15:50:44+00:00","dateModified":"2025-12-20T09:19:12+00:00","description":"Pourquoi apprendre le fran\u00e7ais ? Avec ACCORD, ce n\u2019est pas seulement apprendre le fran\u00e7ais en France, c\u2019est vivre une exp\u00e9rience inoubliable !","inLanguage":"fr-FR","potentialAction":[{"@type":"ReadAction","target":["https:\/\/www.accord-langues.com\/fr\/pourquoi-apprendre-le-francais\/"]}]},{"@type":"ImageObject","inLanguage":"fr-FR","@id":"https:\/\/www.accord-langues.com\/fr\/pourquoi-apprendre-le-francais\/#primaryimage","url":"https:\/\/www.accord-langues.com\/wp-content\/uploads\/2021\/03\/ACCORD-French-Language-Schools-4.jpg","contentUrl":"https:\/\/www.accord-langues.com\/wp-content\/uploads\/2021\/03\/ACCORD-French-Language-Schools-4.jpg","width":1536,"height":1025,"caption":"\u00e9cole de langue fran\u00e7aise ACCORD"},{"@type":"WebSite","@id":"https:\/\/www.accord-langues.com\/fr\/#website","url":"https:\/\/www.accord-langues.com\/fr\/","name":"Accord Paris","description":"Learn French in France","publisher":{"@id":"https:\/\/www.accord-langues.com\/fr\/#organization"},"potentialAction":[{"@type":"SearchAction","target":{"@type":"EntryPoint","urlTemplate":"https:\/\/www.accord-langues.com\/fr\/?s={search_term_string}"},"query-input":{"@type":"PropertyValueSpecification","valueRequired":true,"valueName":"search_term_string"}}],"inLanguage":"fr-FR"},{"@type":"Organization","@id":"https:\/\/www.accord-langues.com\/fr\/#organization","name":"ACCORD Tour Eiffel","alternateName":"Learn French in Paris","url":"https:\/\/www.accord-langues.com\/fr\/","logo":{"@type":"ImageObject","inLanguage":"fr-FR","@id":"https:\/\/www.accord-langues.com\/fr\/#\/schema\/logo\/image\/","url":"https:\/\/www.accord-langues.com\/wp-content\/uploads\/2016\/06\/Logo.png","contentUrl":"https:\/\/www.accord-langues.com\/wp-content\/uploads\/2016\/06\/Logo.png","width":290,"height":70,"caption":"ACCORD Tour Eiffel"},"image":{"@id":"https:\/\/www.accord-langues.com\/fr\/#\/schema\/logo\/image\/"},"sameAs":["https:\/\/www.facebook.com\/accordecoledelangues","https:\/\/www.linkedin.com\/groups\/4542133\/"],"description":"ACCORD French Language School is one of the leading schools in France for teaching French to foreign students and offering high quality French language courses in Paris. The ACCORD language school is located in the heart of Paris, nearby the Eiffel Tower. The ACCORD school is open all year round and welcomes students from all over the world from the age of 16 in its French language courses. ACCORD school is accredited by the official \u201cQualit\u00e9 FLE\u201d label and is member of CAMPUS FRANCE, SOUFFLE and Atout France. ACCORD is official exam center for the TCF IRN, TCF TP, TCF Qu\u00e9bec and TCF Canada.","email":"info@accord-langues.com","telephone":"+33155335233","legalName":"FORUM ACCORD","foundingDate":"1990-02-23","numberOfEmployees":{"@type":"QuantitativeValue","minValue":"11","maxValue":"50"}},{"@type":"Person","@id":"https:\/\/www.accord-langues.com\/fr\/#\/schema\/person\/094b7403ccd70c90f43907c2f18fcd5c","name":"Fran\u00e7ois PFEIFFER","url":"https:\/\/www.accord-langues.com\/fr\/author\/ffpnat-21-05\/"}]}},"_links":{"self":[{"href":"https:\/\/www.accord-langues.com\/fr\/wp-json\/wp\/v2\/posts\/10533","targetHints":{"allow":["GET"]}}],"collection":[{"href":"https:\/\/www.accord-langues.com\/fr\/wp-json\/wp\/v2\/posts"}],"about":[{"href":"https:\/\/www.accord-langues.com\/fr\/wp-json\/wp\/v2\/types\/post"}],"author":[{"embeddable":true,"href":"https:\/\/www.accord-langues.com\/fr\/wp-json\/wp\/v2\/users\/10"}],"replies":[{"embeddable":true,"href":"https:\/\/www.accord-langues.com\/fr\/wp-json\/wp\/v2\/comments?post=10533"}],"version-history":[{"count":1,"href":"https:\/\/www.accord-langues.com\/fr\/wp-json\/wp\/v2\/posts\/10533\/revisions"}],"predecessor-version":[{"id":25857,"href":"https:\/\/www.accord-langues.com\/fr\/wp-json\/wp\/v2\/posts\/10533\/revisions\/25857"}],"wp:featuredmedia":[{"embeddable":true,"href":"https:\/\/www.accord-langues.com\/fr\/wp-json\/wp\/v2\/media\/10446"}],"wp:attachment":[{"href":"https:\/\/www.accord-langues.com\/fr\/wp-json\/wp\/v2\/media?parent=10533"}],"wp:term":[{"taxonomy":"category","embeddable":true,"href":"https:\/\/www.accord-langues.com\/fr\/wp-json\/wp\/v2\/categories?post=10533"},{"taxonomy":"post_tag","embeddable":true,"href":"https:\/\/www.accord-langues.com\/fr\/wp-json\/wp\/v2\/tags?post=10533"}],"curies":[{"name":"wp","href":"https:\/\/api.w.org\/{rel}","templated":true}]}}