{"id":27000,"date":"2026-08-25T14:38:50","date_gmt":"2026-08-25T13:38:50","guid":{"rendered":"https:\/\/www.accord-langues.com\/?p=27000"},"modified":"2026-08-25T14:38:50","modified_gmt":"2026-08-25T13:38:50","slug":"por-que-la-bandera-francesa-es-azul-blanca-y-roja","status":"publish","type":"post","link":"https:\/\/www.accord-langues.com\/es\/por-que-la-bandera-francesa-es-azul-blanca-y-roja\/","title":{"rendered":"\u00bfPor qu\u00e9 la bandera francesa es azul, blanca y roja?"},"content":{"rendered":"<h2><strong>\u00bfPor qu\u00e9 la bandera francesa es azul, blanca y roja? Historia y significado<\/strong><\/h2>\n<p>Recorre cualquier ciudad francesa el 14 de julio y la ver\u00e1s por todas partes: <em>le drapeau tricolore<\/em>, colgando de ventanas, ayuntamientos y terrazas de caf\u00e9. Azul, blanco y rojo: tres simples bandas verticales que, para cualquier persona en el mundo, dicen instant\u00e1neamente \u00abFrancia\u00bb. Pero, \u00bfpor qu\u00e9 estos tres colores y por qu\u00e9 en este orden?<\/p>\n<p>Detr\u00e1s de la bandera nacional de Francia hay una historia de reyes, revolucionarios y siglos de cambios pol\u00edticos. Es el tipo de detalle cultural que cobra mucho m\u00e1s sentido cuando se vive y se estudia franc\u00e9s en Francia.<\/p>\n<p><strong>El significado del azul, el blanco y el rojo<\/strong><\/p>\n<p>Cada color de la bandera francesa lleva su propio simbolismo, moldeado por la historia.<\/p>\n<ul>\n<li><strong>El azul<\/strong> ha estado asociado a Par\u00eds desde hace mucho tiempo y, remont\u00e1ndonos a\u00fan m\u00e1s atr\u00e1s, a San Mart\u00edn, un soldado que se convirti\u00f3 en el santo patr\u00f3n del ej\u00e9rcito franc\u00e9s. Con el tiempo, el azul pas\u00f3 a representar la libertad y la resistencia del pueblo franc\u00e9s frente a la tiran\u00eda.<\/li>\n<li><strong>El blanco<\/strong> era, hist\u00f3ricamente, el color de la monarqu\u00eda francesa y de la Casa de Borb\u00f3n. En lugar de desaparecer tras la Revoluci\u00f3n, el blanco se mantuvo en el centro de la nueva bandera, simbolizando la unidad y, en el contexto de la nueva Rep\u00fablica, la pureza.<\/li>\n<li><strong>El rojo<\/strong>, junto con el azul, era uno de los colores tradicionales de la ciudad de Par\u00eds. Durante y despu\u00e9s de la Revoluci\u00f3n, el rojo pas\u00f3 a representar el coraje y los sacrificios hechos en la lucha por la libertad.<\/li>\n<\/ul>\n<p>Juntos, los tres colores se entienden hoy ampliamente como la encarnaci\u00f3n del lema revolucionario que todav\u00eda define a Francia: <em>libert\u00e9, \u00e9galit\u00e9, fraternit\u00e9<\/em> (libertad, igualdad, fraternidad).<\/p>\n<h3><strong>La historia de la bandera francesa<\/strong><\/h3>\n<p>Antes de que existiera la <em>Tricolore<\/em>, Francia no ten\u00eda una \u00fanica bandera nacional. Bajo la monarqu\u00eda, el pa\u00eds estaba representado por diversos estandartes, el m\u00e1s famoso de los cuales era un escudo azul decorado con tres flores de lis doradas (<em>fleurs-de-lis<\/em>), mostrado m\u00e1s tarde sobre fondo blanco, el color de la dinast\u00eda borb\u00f3nica.<\/p>\n<p>Todo cambi\u00f3 con la Revoluci\u00f3n francesa de 1789. Tras la toma de la Bastilla, el marqu\u00e9s de La Fayette present\u00f3 al rey Luis XVI una escarapela azul y roja, los colores tradicionales de Par\u00eds. Se a\u00f1adi\u00f3 el blanco, color de la monarqu\u00eda, para simbolizar la alianza (de corta duraci\u00f3n) entre el rey y el pueblo franc\u00e9s. Esta escarapela tricolor se convirti\u00f3 r\u00e1pidamente en una insignia de lealtad que llevaban los revolucionarios por todo el pa\u00eds.<\/p>\n<p>Los colores de la escarapela pronto pasaron a las banderas. En 1790 se adopt\u00f3 una bandera con tres bandas verticales para los barcos franceses. Sin embargo, no fue hasta 1794 cuando la Convenci\u00f3n Nacional fij\u00f3 oficialmente el dise\u00f1o que reconocemos hoy: azul junto al m\u00e1stil, blanco en el centro y rojo ondeando libre en el extremo.<\/p>\n<p>La historia de la bandera no termin\u00f3 ah\u00ed. Cuando se restaur\u00f3 la monarqu\u00eda entre 1814 y 1830, la <em>Tricolore<\/em> fue dejada de lado en favor de la sencilla bandera real blanca. Regres\u00f3 tras la Revoluci\u00f3n de Julio de 1830 y desde entonces ha permanecido como el emblema nacional de Francia, consagrado oficialmente tanto en la constituci\u00f3n de 1946 como en la de 1958, y confirmado hoy en el art\u00edculo 2 de la Constituci\u00f3n francesa.<\/p>\n<p><strong>\u00bfOtros pa\u00edses usan los mismos tres colores?<\/strong><\/p>\n<p>Francia estuvo lejos de ser el \u00fanico pa\u00eds en adoptar una bandera azul, blanca y roja. De hecho, este dise\u00f1o ha inspirado a decenas de naciones en todo el mundo. Algunos ejemplos destacados:<\/p>\n<ul>\n<li><strong>Pa\u00edses Bajos<\/strong>: a menudo considerada una de las primeras banderas tricolores, con or\u00edgenes que se remontan al siglo XVI, aunque dispuesta en bandas horizontales rojo-blanco-azul en lugar de las bandas verticales francesas.<\/li>\n<li><strong>Luxemburgo<\/strong>: una tricolor horizontal en rojo, blanco y azul claro, visualmente parecida a la bandera neerlandesa, pero con tonos y or\u00edgenes propios, vinculados al escudo de armas de la Casa de Luxemburgo.<\/li>\n<li><strong>Rusia<\/strong>: una bandera horizontal blanco-azul-rojo, hist\u00f3ricamente vinculada a la influencia de las banderas mar\u00edtimas de Europa Occidental.<\/li>\n<li><strong>Reino Unido<\/strong>: la Union Jack combina los mismos tres colores en un dise\u00f1o muy diferente, basado en cruces.<\/li>\n<li><strong>Estados Unidos<\/strong>: las Barras y Estrellas, otra bandera de la era revolucionaria construida sobre el rojo, el blanco y el azul.<\/li>\n<li><strong>Muchas antiguas colonias y territorios franceses<\/strong>, incluidos Quebec y Martinica, que a\u00fan conservan ecos de los hist\u00f3ricos dise\u00f1os franceses en azul y blanco.<\/li>\n<\/ul>\n<p>En conjunto, m\u00e1s de 30 pa\u00edses en el mundo ondean banderas construidas con este mismo tr\u00edo de colores, lo que convierte al azul, blanco y rojo en una de las combinaciones crom\u00e1ticas m\u00e1s populares en el dise\u00f1o de banderas, estrechamente ligada a ideas de libertad, revoluci\u00f3n e independencia.<\/p>\n<p><strong>Datos curiosos sobre la bandera francesa<\/strong><\/p>\n<ul>\n<li>Se dice que el orden exacto de los colores de la <em>Tricolore<\/em> se fij\u00f3 con la colaboraci\u00f3n del pintor Jacques-Louis David.<\/li>\n<li>El nombre oficial de la bandera, <em>le drapeau tricolore<\/em>, significa simplemente \u00abla bandera de tres colores\u00bb.<\/li>\n<li>A pesar de una creencia popular, el gallo galo no es un s\u00edmbolo oficial de Francia: ese estatus lo tienen la bandera tricolor y <em>La Marseillaise<\/em>, el himno nacional.<\/li>\n<li>La proporci\u00f3n de la bandera francesa es de 2:3, las mismas proporciones que utilizan muchas otras banderas nacionales en el mundo, incluidas las de los Pa\u00edses Bajos y Rusia.<\/li>\n<\/ul>\n<h4><strong>Descubre la cultura y la historia de Francia, en Par\u00eds<\/strong><\/h4>\n<p>Aprender un idioma nunca es solo cuesti\u00f3n de gram\u00e1tica y vocabulario: se trata de comprender la cultura, la historia y los s\u00edmbolos que dan forma a la vida cotidiana. Saber por qu\u00e9 la bandera francesa es azul, blanca y roja es un peque\u00f1o ejemplo del tipo de conocimiento cultural que hace que aprender franc\u00e9s sea mucho m\u00e1s enriquecedor cuando se hace en la propia Francia.<\/p>\n<p>En la <a href=\"https:\/\/www.accord-langues.com\/es\/escuelas-de-frances-accord\/\" target=\"_blank\" rel=\"noopener\">escuela de franc\u00e9s<\/a> ACCORD Paris, nuestros <a href=\"https:\/\/www.accord-langues.com\/es\/cursos-de-frances-para-adultos\/\" target=\"_blank\" rel=\"noopener\">cursos de franc\u00e9s<\/a> combinan el aprendizaje del idioma con una inmersi\u00f3n real en la cultura y la historia francesas, a pocos pasos de algunos de los lugares m\u00e1s emblem\u00e1ticos de la ciudad. Nuestros estudiantes no se limitan a memorizar datos sobre Francia: caminan cada d\u00eda bajo la <em>Tricolore<\/em> que ondea sobre los edificios p\u00fablicos, hablan de historia francesa con sus profesores y empiezan a comprender el pa\u00eds desde dentro.<\/p>\n<p>As\u00ed que, si la historia de una bandera puede despertar tanta curiosidad, imagina lo que podr\u00edan ense\u00f1arte unas semanas de inmersi\u00f3n total en Par\u00eds. \u00danete a ACCORD Paris y convierte tu curiosidad por la cultura francesa en franc\u00e9s real y hablado.<\/p>\n<p>ACCORD Paris: <a href=\"https:\/\/www.accord-langues.com\/es\/acreditaciones-de-la-escuela-de-frances-accord\/\" target=\"_blank\" rel=\"noopener noreferrer\">escuela de franc\u00e9s acreditada Qualit\u00e9 FLE<\/a>, miembro de SOUFFLE, ATOUT FRANCE y CAMPUS FRANCE.<\/p>\n<p><a href=\"https:\/\/www.accord-langues.com\/es\/contactar-con-accord-paris\/\">Cont\u00e1ctenos<\/a><\/p>\n<p>&nbsp;<\/p>\n","protected":false},"excerpt":{"rendered":"<p>Descubre por qu\u00e9 la bandera francesa es azul, blanca y roja, qu\u00e9 simboliza cada color, su historia revolucionaria y qu\u00e9 otros pa\u00edses comparten los mismos colores.<\/p>\n","protected":false},"author":10,"featured_media":26991,"comment_status":"closed","ping_status":"closed","sticky":false,"template":"","format":"standard","meta":{"_acf_changed":false,"footnotes":""},"categories":[2265],"tags":[],"class_list":["post-27000","post","type-post","status-publish","format-standard","has-post-thumbnail","hentry","category-sin-categorizar"],"acf":[],"yoast_head":"<!-- This site is optimized with the Yoast SEO Premium plugin v28.3 (Yoast SEO v28.3) - https:\/\/yoast.com\/product\/yoast-seo-premium-wordpress\/ -->\n<title>\u00bfPor qu\u00e9 la bandera francesa es azul, blanca y roja? - Accord Paris<\/title>\n<meta name=\"description\" content=\"Descubre por qu\u00e9 la bandera francesa es azul, blanca y roja, qu\u00e9 simboliza cada color y su historia revolucionaria.\" \/>\n<meta name=\"robots\" content=\"index, follow, max-snippet:-1, max-image-preview:large, max-video-preview:-1\" \/>\n<link rel=\"canonical\" href=\"https:\/\/www.accord-langues.com\/es\/por-que-la-bandera-francesa-es-azul-blanca-y-roja\/\" \/>\n<meta property=\"og:locale\" content=\"es_ES\" \/>\n<meta property=\"og:type\" content=\"article\" \/>\n<meta property=\"og:title\" content=\"\u00bfPor qu\u00e9 la bandera francesa es azul, blanca y roja?\" \/>\n<meta property=\"og:description\" content=\"Descubre por qu\u00e9 la bandera francesa es azul, blanca y roja, qu\u00e9 simboliza cada color y su historia revolucionaria.\" \/>\n<meta property=\"og:url\" content=\"https:\/\/www.accord-langues.com\/es\/por-que-la-bandera-francesa-es-azul-blanca-y-roja\/\" \/>\n<meta property=\"og:site_name\" content=\"Accord Paris\" \/>\n<meta property=\"article:publisher\" content=\"https:\/\/www.facebook.com\/accordecoledelangues\" \/>\n<meta property=\"article:published_time\" content=\"2026-08-25T13:38:50+00:00\" \/>\n<meta property=\"og:image\" content=\"https:\/\/www.accord-langues.com\/wp-content\/uploads\/2026\/08\/invitro-flag-3210468_1280.jpg\" \/>\n\t<meta property=\"og:image:width\" content=\"1280\" \/>\n\t<meta property=\"og:image:height\" content=\"818\" \/>\n\t<meta property=\"og:image:type\" content=\"image\/jpeg\" \/>\n<meta name=\"author\" content=\"Fran\u00e7ois PFEIFFER\" \/>\n<meta name=\"twitter:card\" content=\"summary_large_image\" \/>\n<meta name=\"twitter:label1\" content=\"Escrito por\" \/>\n\t<meta name=\"twitter:data1\" content=\"Fran\u00e7ois PFEIFFER\" \/>\n\t<meta name=\"twitter:label2\" content=\"Tiempo de lectura\" \/>\n\t<meta name=\"twitter:data2\" content=\"6 minutos\" \/>\n<script type=\"application\/ld+json\" class=\"yoast-schema-graph\">{\"@context\":\"https:\\\/\\\/schema.org\",\"@graph\":[{\"@type\":\"Article\",\"@id\":\"https:\\\/\\\/www.accord-langues.com\\\/es\\\/por-que-la-bandera-francesa-es-azul-blanca-y-roja\\\/#article\",\"isPartOf\":{\"@id\":\"https:\\\/\\\/www.accord-langues.com\\\/es\\\/por-que-la-bandera-francesa-es-azul-blanca-y-roja\\\/\"},\"author\":{\"name\":\"Fran\u00e7ois PFEIFFER\",\"@id\":\"https:\\\/\\\/www.accord-langues.com\\\/es\\\/#\\\/schema\\\/person\\\/094b7403ccd70c90f43907c2f18fcd5c\"},\"headline\":\"\u00bfPor qu\u00e9 la bandera francesa es azul, blanca y roja?\",\"datePublished\":\"2026-08-25T13:38:50+00:00\",\"mainEntityOfPage\":{\"@id\":\"https:\\\/\\\/www.accord-langues.com\\\/es\\\/por-que-la-bandera-francesa-es-azul-blanca-y-roja\\\/\"},\"wordCount\":1193,\"publisher\":{\"@id\":\"https:\\\/\\\/www.accord-langues.com\\\/es\\\/#organization\"},\"image\":{\"@id\":\"https:\\\/\\\/www.accord-langues.com\\\/es\\\/por-que-la-bandera-francesa-es-azul-blanca-y-roja\\\/#primaryimage\"},\"thumbnailUrl\":\"https:\\\/\\\/www.accord-langues.com\\\/wp-content\\\/uploads\\\/2026\\\/08\\\/invitro-flag-3210468_1280.jpg\",\"articleSection\":[\"Sin categorizar\"],\"inLanguage\":\"es\"},{\"@type\":\"WebPage\",\"@id\":\"https:\\\/\\\/www.accord-langues.com\\\/es\\\/por-que-la-bandera-francesa-es-azul-blanca-y-roja\\\/\",\"url\":\"https:\\\/\\\/www.accord-langues.com\\\/es\\\/por-que-la-bandera-francesa-es-azul-blanca-y-roja\\\/\",\"name\":\"\u00bfPor qu\u00e9 la bandera francesa es azul, blanca y roja? - Accord Paris\",\"isPartOf\":{\"@id\":\"https:\\\/\\\/www.accord-langues.com\\\/es\\\/#website\"},\"primaryImageOfPage\":{\"@id\":\"https:\\\/\\\/www.accord-langues.com\\\/es\\\/por-que-la-bandera-francesa-es-azul-blanca-y-roja\\\/#primaryimage\"},\"image\":{\"@id\":\"https:\\\/\\\/www.accord-langues.com\\\/es\\\/por-que-la-bandera-francesa-es-azul-blanca-y-roja\\\/#primaryimage\"},\"thumbnailUrl\":\"https:\\\/\\\/www.accord-langues.com\\\/wp-content\\\/uploads\\\/2026\\\/08\\\/invitro-flag-3210468_1280.jpg\",\"datePublished\":\"2026-08-25T13:38:50+00:00\",\"description\":\"Descubre por qu\u00e9 la bandera francesa es azul, blanca y roja, qu\u00e9 simboliza cada color y su historia revolucionaria.\",\"inLanguage\":\"es\",\"potentialAction\":[{\"@type\":\"ReadAction\",\"target\":[\"https:\\\/\\\/www.accord-langues.com\\\/es\\\/por-que-la-bandera-francesa-es-azul-blanca-y-roja\\\/\"]}]},{\"@type\":\"ImageObject\",\"inLanguage\":\"es\",\"@id\":\"https:\\\/\\\/www.accord-langues.com\\\/es\\\/por-que-la-bandera-francesa-es-azul-blanca-y-roja\\\/#primaryimage\",\"url\":\"https:\\\/\\\/www.accord-langues.com\\\/wp-content\\\/uploads\\\/2026\\\/08\\\/invitro-flag-3210468_1280.jpg\",\"contentUrl\":\"https:\\\/\\\/www.accord-langues.com\\\/wp-content\\\/uploads\\\/2026\\\/08\\\/invitro-flag-3210468_1280.jpg\",\"width\":1280,\"height\":818,\"caption\":\"Why Is the French Flag Blue, White, and Red?\"},{\"@type\":\"WebSite\",\"@id\":\"https:\\\/\\\/www.accord-langues.com\\\/es\\\/#website\",\"url\":\"https:\\\/\\\/www.accord-langues.com\\\/es\\\/\",\"name\":\"Accord Paris\",\"description\":\"Learn French in France\",\"publisher\":{\"@id\":\"https:\\\/\\\/www.accord-langues.com\\\/es\\\/#organization\"},\"potentialAction\":[{\"@type\":\"SearchAction\",\"target\":{\"@type\":\"EntryPoint\",\"urlTemplate\":\"https:\\\/\\\/www.accord-langues.com\\\/es\\\/?s={search_term_string}\"},\"query-input\":{\"@type\":\"PropertyValueSpecification\",\"valueRequired\":true,\"valueName\":\"search_term_string\"}}],\"inLanguage\":\"es\"},{\"@type\":\"Organization\",\"@id\":\"https:\\\/\\\/www.accord-langues.com\\\/es\\\/#organization\",\"name\":\"ACCORD Tour Eiffel\",\"alternateName\":\"Learn French in Paris\",\"url\":\"https:\\\/\\\/www.accord-langues.com\\\/es\\\/\",\"logo\":{\"@type\":\"ImageObject\",\"inLanguage\":\"es\",\"@id\":\"https:\\\/\\\/www.accord-langues.com\\\/es\\\/#\\\/schema\\\/logo\\\/image\\\/\",\"url\":\"https:\\\/\\\/www.accord-langues.com\\\/wp-content\\\/uploads\\\/2016\\\/06\\\/Logo.png\",\"contentUrl\":\"https:\\\/\\\/www.accord-langues.com\\\/wp-content\\\/uploads\\\/2016\\\/06\\\/Logo.png\",\"width\":290,\"height\":70,\"caption\":\"ACCORD Tour Eiffel\"},\"image\":{\"@id\":\"https:\\\/\\\/www.accord-langues.com\\\/es\\\/#\\\/schema\\\/logo\\\/image\\\/\"},\"sameAs\":[\"https:\\\/\\\/www.facebook.com\\\/accordecoledelangues\",\"https:\\\/\\\/www.linkedin.com\\\/groups\\\/4542133\\\/\"],\"description\":\"ACCORD French Language School is one of the leading schools in France for teaching French to foreign students and offering high quality French language courses in Paris. The ACCORD language school is located in the heart of Paris, nearby the Eiffel Tower. The ACCORD school is open all year round and welcomes students from all over the world from the age of 16 in its French language courses. ACCORD school is accredited by the official \u201cQualit\u00e9 FLE\u201d label and is member of CAMPUS FRANCE, SOUFFLE and Atout France. ACCORD is official exam center for the TCF IRN, TCF TP, TCF Qu\u00e9bec and TCF Canada.\",\"email\":\"info@accord-langues.com\",\"telephone\":\"+33155335233\",\"legalName\":\"FORUM ACCORD\",\"foundingDate\":\"1990-02-23\",\"numberOfEmployees\":{\"@type\":\"QuantitativeValue\",\"minValue\":\"11\",\"maxValue\":\"50\"}},{\"@type\":\"Person\",\"@id\":\"https:\\\/\\\/www.accord-langues.com\\\/es\\\/#\\\/schema\\\/person\\\/094b7403ccd70c90f43907c2f18fcd5c\",\"name\":\"Fran\u00e7ois PFEIFFER\",\"url\":\"https:\\\/\\\/www.accord-langues.com\\\/es\\\/author\\\/ffpnat-21-05\\\/\"}]}<\/script>\n<!-- \/ Yoast SEO Premium plugin. -->","yoast_head_json":{"title":"\u00bfPor qu\u00e9 la bandera francesa es azul, blanca y roja? - Accord Paris","description":"Descubre por qu\u00e9 la bandera francesa es azul, blanca y roja, qu\u00e9 simboliza cada color y su historia revolucionaria.","robots":{"index":"index","follow":"follow","max-snippet":"max-snippet:-1","max-image-preview":"max-image-preview:large","max-video-preview":"max-video-preview:-1"},"canonical":"https:\/\/www.accord-langues.com\/es\/por-que-la-bandera-francesa-es-azul-blanca-y-roja\/","og_locale":"es_ES","og_type":"article","og_title":"\u00bfPor qu\u00e9 la bandera francesa es azul, blanca y roja?","og_description":"Descubre por qu\u00e9 la bandera francesa es azul, blanca y roja, qu\u00e9 simboliza cada color y su historia revolucionaria.","og_url":"https:\/\/www.accord-langues.com\/es\/por-que-la-bandera-francesa-es-azul-blanca-y-roja\/","og_site_name":"Accord Paris","article_publisher":"https:\/\/www.facebook.com\/accordecoledelangues","article_published_time":"2026-08-25T13:38:50+00:00","og_image":[{"width":1280,"height":818,"url":"https:\/\/www.accord-langues.com\/wp-content\/uploads\/2026\/08\/invitro-flag-3210468_1280.jpg","type":"image\/jpeg"}],"author":"Fran\u00e7ois PFEIFFER","twitter_card":"summary_large_image","twitter_misc":{"Escrito por":"Fran\u00e7ois PFEIFFER","Tiempo de lectura":"6 minutos"},"schema":{"@context":"https:\/\/schema.org","@graph":[{"@type":"Article","@id":"https:\/\/www.accord-langues.com\/es\/por-que-la-bandera-francesa-es-azul-blanca-y-roja\/#article","isPartOf":{"@id":"https:\/\/www.accord-langues.com\/es\/por-que-la-bandera-francesa-es-azul-blanca-y-roja\/"},"author":{"name":"Fran\u00e7ois PFEIFFER","@id":"https:\/\/www.accord-langues.com\/es\/#\/schema\/person\/094b7403ccd70c90f43907c2f18fcd5c"},"headline":"\u00bfPor qu\u00e9 la bandera francesa es azul, blanca y roja?","datePublished":"2026-08-25T13:38:50+00:00","mainEntityOfPage":{"@id":"https:\/\/www.accord-langues.com\/es\/por-que-la-bandera-francesa-es-azul-blanca-y-roja\/"},"wordCount":1193,"publisher":{"@id":"https:\/\/www.accord-langues.com\/es\/#organization"},"image":{"@id":"https:\/\/www.accord-langues.com\/es\/por-que-la-bandera-francesa-es-azul-blanca-y-roja\/#primaryimage"},"thumbnailUrl":"https:\/\/www.accord-langues.com\/wp-content\/uploads\/2026\/08\/invitro-flag-3210468_1280.jpg","articleSection":["Sin categorizar"],"inLanguage":"es"},{"@type":"WebPage","@id":"https:\/\/www.accord-langues.com\/es\/por-que-la-bandera-francesa-es-azul-blanca-y-roja\/","url":"https:\/\/www.accord-langues.com\/es\/por-que-la-bandera-francesa-es-azul-blanca-y-roja\/","name":"\u00bfPor qu\u00e9 la bandera francesa es azul, blanca y roja? - Accord Paris","isPartOf":{"@id":"https:\/\/www.accord-langues.com\/es\/#website"},"primaryImageOfPage":{"@id":"https:\/\/www.accord-langues.com\/es\/por-que-la-bandera-francesa-es-azul-blanca-y-roja\/#primaryimage"},"image":{"@id":"https:\/\/www.accord-langues.com\/es\/por-que-la-bandera-francesa-es-azul-blanca-y-roja\/#primaryimage"},"thumbnailUrl":"https:\/\/www.accord-langues.com\/wp-content\/uploads\/2026\/08\/invitro-flag-3210468_1280.jpg","datePublished":"2026-08-25T13:38:50+00:00","description":"Descubre por qu\u00e9 la bandera francesa es azul, blanca y roja, qu\u00e9 simboliza cada color y su historia revolucionaria.","inLanguage":"es","potentialAction":[{"@type":"ReadAction","target":["https:\/\/www.accord-langues.com\/es\/por-que-la-bandera-francesa-es-azul-blanca-y-roja\/"]}]},{"@type":"ImageObject","inLanguage":"es","@id":"https:\/\/www.accord-langues.com\/es\/por-que-la-bandera-francesa-es-azul-blanca-y-roja\/#primaryimage","url":"https:\/\/www.accord-langues.com\/wp-content\/uploads\/2026\/08\/invitro-flag-3210468_1280.jpg","contentUrl":"https:\/\/www.accord-langues.com\/wp-content\/uploads\/2026\/08\/invitro-flag-3210468_1280.jpg","width":1280,"height":818,"caption":"Why Is the French Flag Blue, White, and Red?"},{"@type":"WebSite","@id":"https:\/\/www.accord-langues.com\/es\/#website","url":"https:\/\/www.accord-langues.com\/es\/","name":"Accord Paris","description":"Learn French in France","publisher":{"@id":"https:\/\/www.accord-langues.com\/es\/#organization"},"potentialAction":[{"@type":"SearchAction","target":{"@type":"EntryPoint","urlTemplate":"https:\/\/www.accord-langues.com\/es\/?s={search_term_string}"},"query-input":{"@type":"PropertyValueSpecification","valueRequired":true,"valueName":"search_term_string"}}],"inLanguage":"es"},{"@type":"Organization","@id":"https:\/\/www.accord-langues.com\/es\/#organization","name":"ACCORD Tour Eiffel","alternateName":"Learn French in Paris","url":"https:\/\/www.accord-langues.com\/es\/","logo":{"@type":"ImageObject","inLanguage":"es","@id":"https:\/\/www.accord-langues.com\/es\/#\/schema\/logo\/image\/","url":"https:\/\/www.accord-langues.com\/wp-content\/uploads\/2016\/06\/Logo.png","contentUrl":"https:\/\/www.accord-langues.com\/wp-content\/uploads\/2016\/06\/Logo.png","width":290,"height":70,"caption":"ACCORD Tour Eiffel"},"image":{"@id":"https:\/\/www.accord-langues.com\/es\/#\/schema\/logo\/image\/"},"sameAs":["https:\/\/www.facebook.com\/accordecoledelangues","https:\/\/www.linkedin.com\/groups\/4542133\/"],"description":"ACCORD French Language School is one of the leading schools in France for teaching French to foreign students and offering high quality French language courses in Paris. The ACCORD language school is located in the heart of Paris, nearby the Eiffel Tower. The ACCORD school is open all year round and welcomes students from all over the world from the age of 16 in its French language courses. ACCORD school is accredited by the official \u201cQualit\u00e9 FLE\u201d label and is member of CAMPUS FRANCE, SOUFFLE and Atout France. ACCORD is official exam center for the TCF IRN, TCF TP, TCF Qu\u00e9bec and TCF Canada.","email":"info@accord-langues.com","telephone":"+33155335233","legalName":"FORUM ACCORD","foundingDate":"1990-02-23","numberOfEmployees":{"@type":"QuantitativeValue","minValue":"11","maxValue":"50"}},{"@type":"Person","@id":"https:\/\/www.accord-langues.com\/es\/#\/schema\/person\/094b7403ccd70c90f43907c2f18fcd5c","name":"Fran\u00e7ois PFEIFFER","url":"https:\/\/www.accord-langues.com\/es\/author\/ffpnat-21-05\/"}]}},"_links":{"self":[{"href":"https:\/\/www.accord-langues.com\/es\/wp-json\/wp\/v2\/posts\/27000","targetHints":{"allow":["GET"]}}],"collection":[{"href":"https:\/\/www.accord-langues.com\/es\/wp-json\/wp\/v2\/posts"}],"about":[{"href":"https:\/\/www.accord-langues.com\/es\/wp-json\/wp\/v2\/types\/post"}],"author":[{"embeddable":true,"href":"https:\/\/www.accord-langues.com\/es\/wp-json\/wp\/v2\/users\/10"}],"replies":[{"embeddable":true,"href":"https:\/\/www.accord-langues.com\/es\/wp-json\/wp\/v2\/comments?post=27000"}],"version-history":[{"count":1,"href":"https:\/\/www.accord-langues.com\/es\/wp-json\/wp\/v2\/posts\/27000\/revisions"}],"predecessor-version":[{"id":27001,"href":"https:\/\/www.accord-langues.com\/es\/wp-json\/wp\/v2\/posts\/27000\/revisions\/27001"}],"wp:featuredmedia":[{"embeddable":true,"href":"https:\/\/www.accord-langues.com\/es\/wp-json\/wp\/v2\/media\/26991"}],"wp:attachment":[{"href":"https:\/\/www.accord-langues.com\/es\/wp-json\/wp\/v2\/media?parent=27000"}],"wp:term":[{"taxonomy":"category","embeddable":true,"href":"https:\/\/www.accord-langues.com\/es\/wp-json\/wp\/v2\/categories?post=27000"},{"taxonomy":"post_tag","embeddable":true,"href":"https:\/\/www.accord-langues.com\/es\/wp-json\/wp\/v2\/tags?post=27000"}],"curies":[{"name":"wp","href":"https:\/\/api.w.org\/{rel}","templated":true}]}}