{"id":22017,"date":"2023-11-02T12:32:11","date_gmt":"2023-11-02T12:32:11","guid":{"rendered":"https:\/\/www.accord-langues.com\/?p=22017"},"modified":"2025-12-20T09:20:33","modified_gmt":"2025-12-20T09:20:33","slug":"abitur-franzoesisch-vorbereitungskurs","status":"publish","type":"post","link":"https:\/\/www.accord-langues.com\/de\/abitur-franzoesisch-vorbereitungskurs\/","title":{"rendered":"Vorbereitungskurs f\u00fcr die ABITUR-Franz\u00f6sischpr\u00fcfung"},"content":{"rendered":"<h2><span style=\"color: #ff6600;\">Franz\u00f6sisch-Vorbereitungskurs f\u00fcr die ABITUR-Franz\u00f6sischpr\u00fcfung\u00a0<\/span><\/h2>\n<p><strong>Kommen Sie nach Frankreich, nehmen Sie am Franz\u00f6sisch-Vorbereitungskurs f\u00fcr die ABITUR-Franz\u00f6sischpr\u00fcfung von ACCORD teil und genie\u00dfen Sie Paris. <\/strong>Dieser <a href=\"https:\/\/www.accord-langues.com\/de\/kurs\/abitur-vorbereitungskurs-in-paris-in-frankreich\/\" target=\"_blank\" rel=\"noopener\">ABITUR-Franz\u00f6sisch-Vorbereitungskurs<\/a> erm\u00f6glicht es den Sch\u00fclern, sich unter den besten Bedingungen auf spezifische F\u00e4higkeiten zu konzentrieren und sich so auf die ABITUR-Franz\u00f6sischpr\u00fcfung vorzubereiten.<\/p>\n<p><strong>Dieser Vorbereitungskurs f\u00fcr die Franz\u00f6sischpr\u00fcfung wird in drei Formaten angeboten:<\/strong><\/p>\n<p>Der Vorbereitungskurs beinhaltet den <a href=\"https:\/\/www.accord-langues.com\/de\/kurs\/franzoesisch-intensivkurs\/\" target=\"_blank\" rel=\"noopener\">Intensivkurs A f\u00fcr allgemeines Franz\u00f6sisch<\/a> am Vormittag und zwei oder drei Nachmittag-Lektionen oder Privatunterricht.<\/p>\n<p>\u2013 <span style=\"color: #ff6600;\"><strong>D1 Programm, <span style=\"color: #000000;\">26 Stunden\/Woche<\/span><\/strong><\/span>: <a href=\"https:\/\/www.accord-langues.com\/de\/kurs\/franzoesisch-intensivkurs\/\" target=\"_blank\" rel=\"noopener\">Intensivkurs A<\/a> (Montag bis Freitag, 9:00 Uhr bis 13:00 Uhr) + 2 <a href=\"https:\/\/www.accord-langues.com\/de\/kurs\/delf-pruefungsvorbereitung-in-frankreich\/\" target=\"_blank\" rel=\"noopener\">Nachmittag-Lektionen zur Vorbereitung auf eine Franz\u00f6sischpr\u00fcfung<\/a> (14:00 Uhr bis 17:00 Uhr)<br \/>\n\u2013 <strong><span style=\"color: #ff6600;\">D2 Programm<\/span>, 29 Stunden\/Woche<\/strong>: <a href=\"https:\/\/www.accord-langues.com\/de\/kurs\/franzoesisch-intensivkurs\/\" target=\"_blank\" rel=\"noopener\">Intensivkurs A<\/a> (Montag bis Freitag, 9:00 Uhr bis 13:00 Uhr) + 2 <a href=\"https:\/\/www.accord-langues.com\/de\/kurs\/delf-pruefungsvorbereitung-in-frankreich\/\" target=\"_blank\" rel=\"noopener\">Nachmittag-Lektionen zur Vorbereitung auf eine Franz\u00f6sischpr\u00fcfung<\/a> (14:00 Uhr bis 17:00 Uhr) + 1 Nachmittag-Lektione <a href=\"https:\/\/www.accord-langues.com\/de\/kurs\/franzoesische-grammatikunterricht-in-frankreich\/\" target=\"_blank\" rel=\"noopener\">\u2018Schreiben &amp; Grammatik\u2019<\/a> oder \u2018<a href=\"https:\/\/www.accord-langues.com\/de\/kurs\/muendlicher-franzoesischunterricht-in-frankreich\/\" target=\"_blank\" rel=\"noopener\">M\u00fcndliche Kommunikation<\/a>\u2019.<br \/>\n\u2013 <span style=\"color: #ff6600;\"><strong>D3 Programm<\/strong><\/span>, <strong>29 Stunden\/Woche<\/strong>: <a href=\"https:\/\/www.accord-langues.com\/de\/kurs\/franzoesisch-intensivkurs\/\" target=\"_blank\" rel=\"noopener\">Intensivkurs A<\/a> (Montag bis Freitag, 9:00 Uhr bis 13:00 Uhr) + 2 <a href=\"https:\/\/www.accord-langues.com\/de\/kurs\/delf-pruefungsvorbereitung-in-frankreich\/\" target=\"_blank\" rel=\"noopener\">Nachmittag-Lektionen zur Vorbereitung auf eine Franz\u00f6sischpr\u00fcfung<\/a> (14:00 Uhr bis 17:00 Uhr) + 3\u00a0Stunden <a href=\"https:\/\/www.accord-langues.com\/de\/kurs\/franzoesisch-privatunterricht-in-paris-in-frankreich\/\" target=\"_blank\" rel=\"noopener\">Privatunterricht<\/a>.<\/p>\n<p><strong>Einstufungstest<\/strong>: Mit der Anmeldebest\u00e4tigung erhalten Sie ein Formular zur Selbsteinsch\u00e4tzung und einen schriftlichen Test, den Sie vor Kursbeginn ausf\u00fcllen und an ACCORD zur\u00fccksenden m\u00fcssen, damit unser Lehrteam Sie in eine Klasse Ihres Niveaus einordnen kann.<\/p>\n<p>Lesen Sie mehr \u00fcber <a href=\"https:\/\/www.accord-langues.com\/de\/accord-lehrmethode\/\" target=\"_blank\" rel=\"noopener\">ACCORD-Tests und Sprachniveaus<\/a><\/p>\n<p>Lesen Sie mehr \u00fcber unsere Lehrmethode:\u00a0<a href=\"https:\/\/www.accord-langues.com\/de\/accord-lehrmethode\/\" target=\"_blank\" rel=\"noopener\">ACCORD Lehrmethode<\/a><\/p>\n<h3><span style=\"color: #ff6600;\"><strong>Unsere\u00a0<a style=\"color: #ff6600;\" href=\"https:\/\/www.accord-langues.com\/de\/home-franzoesischkurse-paris\/\" target=\"_blank\" rel=\"noopener\">ACCORD Franz\u00f6sischschule in Paris<\/a>:<\/strong><\/span><\/h3>\n<ul>\n<li><strong>Fantastische Lage,<\/strong> <strong>in der N\u00e4he des Eiffelturms!<\/strong><\/li>\n<li>Ausgezeichnete Einrichtungen!<\/li>\n<li>Franz\u00f6sisch-Vorbereitungskurs f\u00fcr die ABITUR-Franz\u00f6sischpr\u00fcfung<\/li>\n<li>Kostenloses WLAN im gesamten Schulgeb\u00e4ude.<\/li>\n<li>Im Sommer ist die Schule voll klimatisiert.<\/li>\n<li>Freundliche und erfahrene ACCORD FLE-Lehrer.<\/li>\n<li><a href=\"https:\/\/www.accord-langues.com\/de\/die-besten-franzoesischkurse-in-paris-in-frankreich\/\" target=\"_blank\" rel=\"noopener\">Die Besten Franz\u00f6sischkurse in Frankreich<\/a><\/li>\n<li>Die\u00a0<a href=\"https:\/\/www.accord-langues.com\/de\/franzoesischkurse-in-der-accord-sprachschule\/\" target=\"_blank\" rel=\"noopener\">ACCORD Sprachschule<\/a>\u00a0ist behindertengerecht gestaltet.<\/li>\n<li><a href=\"https:\/\/www.accord-langues.com\/de\/zulassungen-als-franzoesischschule\/\" target=\"_blank\" rel=\"noopener noreferrer\">Durch \u201cQualit\u00e9 FLE\u201d offiziell zugelassene Franz\u00f6sischschule<\/a>.<\/li>\n<li>ACCORD Paris ist Mitglied von <a href=\"https:\/\/souffle-fle.com\/\" target=\"_blank\" rel=\"noopener\">SOUFFLE.FLE<\/a>, ATOUT FRANCE und von CAMPUS FRANCE.<\/li>\n<\/ul>\n<p><strong><a href=\"https:\/\/www.accord-langues.com\/de\/kontaktieren-sie-uns\/\" target=\"_blank\" rel=\"noopener\">Verlangen Sie ein individuelles Angebot<\/a><\/strong><\/p>\n<div id='gallery-1' class='gallery galleryid-22017 gallery-columns-1 gallery-size-large'><figure class='gallery-item'>\n\t\t\t<div class='gallery-icon landscape'>\n\t\t\t\t<a href='https:\/\/www.accord-langues.com\/wp-content\/uploads\/2023\/11\/Paris-10-x15-24.jpg'><img decoding=\"async\" width=\"640\" height=\"428\" src=\"https:\/\/www.accord-langues.com\/wp-content\/uploads\/2023\/11\/Paris-10-x15-24-1024x685.jpg\" class=\"attachment-large size-large\" alt=\"Franz\u00f6sisch-Vorbereitungskurs f\u00fcr die ABITUR-Franz\u00f6sischpr\u00fcfung\" srcset=\"https:\/\/www.accord-langues.com\/wp-content\/uploads\/2023\/11\/Paris-10-x15-24-1024x685.jpg 1024w, https:\/\/www.accord-langues.com\/wp-content\/uploads\/2023\/11\/Paris-10-x15-24-300x201.jpg 300w, https:\/\/www.accord-langues.com\/wp-content\/uploads\/2023\/11\/Paris-10-x15-24-768x514.jpg 768w, https:\/\/www.accord-langues.com\/wp-content\/uploads\/2023\/11\/Paris-10-x15-24.jpg 1438w\" sizes=\"(max-width: 640px) 100vw, 640px\" title=\"Franz\u00f6sisch-Vorbereitungskurs f\u00fcr die ABITUR-Franz\u00f6sischpr\u00fcfung\" \/><\/a>\n\t\t\t<\/div><\/figure>\n\t\t<\/div>\n\n<h3><span style=\"color: #ff6600;\"><strong>Die besten\u00a0<a style=\"color: #ff6600;\" href=\"https:\/\/www.accord-langues.com\/de\/franzoesisch-intensivkurse-in-frankreich-in-paris\/\" target=\"_blank\" rel=\"noopener\">Franz\u00f6sischkurse<\/a>\u00a0f\u00fcr <a style=\"color: #ff6600;\" href=\"https:\/\/www.accord-langues.com\/de\/franzoesisch-intensivkurs-in-frankreich-in-paris\/\" target=\"_blank\" rel=\"noopener\">Studenten in Paris<\/a>!<\/strong><\/span><\/h3>\n<p>Die <a href=\"https:\/\/www.accord-langues.com\/de\/die-franzoesische-sprachschule-accord-in-frankreich\/\" target=\"_blank\" rel=\"noopener\">ACCORD Sprachschule ACCORD Paris<\/a>\u00a0wird von der\u00a0<a href=\"https:\/\/www.paris-move.com\/\" target=\"_blank\" rel=\"noopener\">Redaktion von PARIS MOVE<\/a>\u00a0empfohlen.<\/p>\n<p>ACCORD Sprachschule: 5 Sterne auf Tripadvisor<\/p>\n<p><strong><a href=\"https:\/\/www.accord-langues.com\/de\/accord-paris-3bis-rue-jean-pierre-bloch-paris\/\" target=\"_blank\" rel=\"noopener\">ACCORD Sprachschule<\/a>: 3 bis rue Jean Pierre Bloch, 75015 Paris, Frankreich<\/strong><\/p>\n<p><strong>Folge uns auf:<\/strong><\/p>\n<ul>\n<li><a href=\"https:\/\/twitter.com\/FrenchParisFP\" target=\"_blank\" rel=\"noopener\">French-Paris auf X \u2013 Twitter<\/a><\/li>\n<li><a href=\"https:\/\/twitter.com\/ParisMove\" target=\"_blank\" rel=\"noopener\">Paris-Move auf X \u2013 Twitter<\/a><\/li>\n<li><a href=\"https:\/\/mastodon.social\/@FrenchParis\" target=\"_blank\" rel=\"noopener\">French-Paris auf Mastodon<\/a><\/li>\n<li><a href=\"https:\/\/www.activelanguages.co.uk\/\" target=\"_blank\" rel=\"noopener\">Active Languages<\/a><\/li>\n<li><a class=\"x1i10hfl xjbqb8w x6umtig x1b1mbwd xaqea5y xav7gou x9f619 x1ypdohk xt0psk2 xe8uvvx xdj266r x11i5rnm xat24cr x1mh8g0r xexx8yu x4uap5 x18d9i69 xkhd6sd x16tdsg8 x1hl2dhg xggy1nq x1a2a7pz x1heor9g xt0b8zv\" tabindex=\"0\" role=\"link\" href=\"https:\/\/www.facebook.com\/profile.php?id=61554169949072\"><span class=\"x193iq5w xeuugli x13faqbe x1vvkbs x1xmvt09 x1lliihq x1s928wv xhkezso x1gmr53x x1cpjm7i x1fgarty x1943h6x xtoi2st x3x7a5m x1603h9y x1u7k74 x1xlr1w8 xzsf02u\" dir=\"auto\">Study French in France<\/span><\/a><\/li>\n<li><a href=\"https:\/\/www.facebook.com\/login\/?next=https%3A%2F%2Fwww.facebook.com%2FFrenchCourseParis\" target=\"_blank\" rel=\"noopener\">French-Paris Facebook<\/a><\/li>\n<li><a href=\"https:\/\/www.facebook.com\/profile.php?id=61554096872127\" target=\"_blank\" rel=\"noopener\">Paris-Junior Facebook<\/a><\/li>\n<li>ACCORD Paris auf Tripadvisor<\/li>\n<li><a href=\"https:\/\/www.linkedin.com\/groups\/4542133\/\" target=\"_blank\" rel=\"noopener\">Accord Language Schools auf Linkedin<\/a><\/li>\n<\/ul>\n","protected":false},"excerpt":{"rendered":"<p>Kommen Sie nach Frankreich, nehmen Sie am Franz\u00f6sisch-Vorbereitungskurs f\u00fcr die ABITUR-Franz\u00f6sischpr\u00fcfung von ACCORD teil und genie\u00dfen Sie Paris.<\/p>\n","protected":false},"author":10,"featured_media":22018,"comment_status":"closed","ping_status":"closed","sticky":false,"template":"","format":"standard","meta":{"_acf_changed":false,"footnotes":""},"categories":[10624],"tags":[10341,10501,10378,10339,10340,10502],"class_list":["post-22017","post","type-post","status-publish","format-standard","has-post-thumbnail","hentry","category-franzoesischkurse-in-frankreich","tag-abitur-franzoesischpruefung","tag-accord-franzoesischschule-in-paris","tag-accord-sprachschule","tag-franzoesisch-vorbereitungskurs","tag-franzoesisch-vorbereitungskurs-fuer-die-abitur-franzoesischpruefung","tag-franzoesischschule"],"acf":[],"yoast_head":"<!-- This site is optimized with the Yoast SEO Premium plugin v27.5 (Yoast SEO v27.5) - https:\/\/yoast.com\/product\/yoast-seo-premium-wordpress\/ -->\n<title>Vorbereitungskurs f\u00fcr die ABITUR-Franz\u00f6sischpr\u00fcfung<\/title>\n<meta name=\"description\" content=\"Kommen Sie nach Frankreich, nehmen Sie am Franz\u00f6sisch-Vorbereitungskurs f\u00fcr die ABITUR-Franz\u00f6sischpr\u00fcfung von ACCORD Paris teil.\" \/>\n<meta name=\"robots\" content=\"index, follow, max-snippet:-1, max-image-preview:large, max-video-preview:-1\" \/>\n<link rel=\"canonical\" href=\"https:\/\/www.accord-langues.com\/de\/abitur-franzoesisch-vorbereitungskurs\/\" \/>\n<meta property=\"og:locale\" content=\"de_DE\" \/>\n<meta property=\"og:type\" content=\"article\" \/>\n<meta property=\"og:title\" content=\"Vorbereitungskurs f\u00fcr die ABITUR-Franz\u00f6sischpr\u00fcfung\" \/>\n<meta property=\"og:description\" content=\"Kommen Sie nach Frankreich, nehmen Sie am Franz\u00f6sisch-Vorbereitungskurs f\u00fcr die ABITUR-Franz\u00f6sischpr\u00fcfung von ACCORD Paris teil.\" \/>\n<meta property=\"og:url\" content=\"https:\/\/www.accord-langues.com\/de\/abitur-franzoesisch-vorbereitungskurs\/\" \/>\n<meta property=\"og:site_name\" content=\"Accord Paris\" \/>\n<meta property=\"article:publisher\" content=\"https:\/\/www.facebook.com\/accordecoledelangues\" \/>\n<meta property=\"article:published_time\" content=\"2023-11-02T12:32:11+00:00\" \/>\n<meta property=\"article:modified_time\" content=\"2025-12-20T09:20:33+00:00\" \/>\n<meta property=\"og:image\" content=\"https:\/\/www.accord-langues.com\/wp-content\/uploads\/2023\/11\/DM39481.jpg\" \/>\n\t<meta property=\"og:image:width\" content=\"1600\" \/>\n\t<meta property=\"og:image:height\" content=\"1067\" \/>\n\t<meta property=\"og:image:type\" content=\"image\/jpeg\" \/>\n<meta name=\"author\" content=\"Fran\u00e7ois PFEIFFER\" \/>\n<meta name=\"twitter:card\" content=\"summary_large_image\" \/>\n<meta name=\"twitter:label1\" content=\"Verfasst von\" \/>\n\t<meta name=\"twitter:data1\" content=\"Fran\u00e7ois PFEIFFER\" \/>\n\t<meta name=\"twitter:label2\" content=\"Gesch\u00e4tzte Lesezeit\" \/>\n\t<meta name=\"twitter:data2\" content=\"2\u00a0Minuten\" \/>\n<script type=\"application\/ld+json\" class=\"yoast-schema-graph\">{\"@context\":\"https:\\\/\\\/schema.org\",\"@graph\":[{\"@type\":\"Article\",\"@id\":\"https:\\\/\\\/www.accord-langues.com\\\/de\\\/abitur-franzoesisch-vorbereitungskurs\\\/#article\",\"isPartOf\":{\"@id\":\"https:\\\/\\\/www.accord-langues.com\\\/de\\\/abitur-franzoesisch-vorbereitungskurs\\\/\"},\"author\":{\"name\":\"Fran\u00e7ois PFEIFFER\",\"@id\":\"https:\\\/\\\/www.accord-langues.com\\\/de\\\/#\\\/schema\\\/person\\\/094b7403ccd70c90f43907c2f18fcd5c\"},\"headline\":\"Vorbereitungskurs f\u00fcr die ABITUR-Franz\u00f6sischpr\u00fcfung\",\"datePublished\":\"2023-11-02T12:32:11+00:00\",\"dateModified\":\"2025-12-20T09:20:33+00:00\",\"mainEntityOfPage\":{\"@id\":\"https:\\\/\\\/www.accord-langues.com\\\/de\\\/abitur-franzoesisch-vorbereitungskurs\\\/\"},\"wordCount\":389,\"publisher\":{\"@id\":\"https:\\\/\\\/www.accord-langues.com\\\/de\\\/#organization\"},\"image\":{\"@id\":\"https:\\\/\\\/www.accord-langues.com\\\/de\\\/abitur-franzoesisch-vorbereitungskurs\\\/#primaryimage\"},\"thumbnailUrl\":\"https:\\\/\\\/www.accord-langues.com\\\/wp-content\\\/uploads\\\/2023\\\/11\\\/DM39481.jpg\",\"keywords\":[\"ABITUR-Franz\u00f6sischpr\u00fcfung\",\"ACCORD Franz\u00f6sischschule in Paris\",\"ACCORD-Sprachschule\",\"Franz\u00f6sisch-Vorbereitungskurs\",\"Franz\u00f6sisch-Vorbereitungskurs f\u00fcr die ABITUR-Franz\u00f6sischpr\u00fcfung\",\"Franz\u00f6sischschule\"],\"articleSection\":[\"Franz\u00f6sischkurse in Frankreich\"],\"inLanguage\":\"de\"},{\"@type\":\"WebPage\",\"@id\":\"https:\\\/\\\/www.accord-langues.com\\\/de\\\/abitur-franzoesisch-vorbereitungskurs\\\/\",\"url\":\"https:\\\/\\\/www.accord-langues.com\\\/de\\\/abitur-franzoesisch-vorbereitungskurs\\\/\",\"name\":\"Vorbereitungskurs f\u00fcr die ABITUR-Franz\u00f6sischpr\u00fcfung\",\"isPartOf\":{\"@id\":\"https:\\\/\\\/www.accord-langues.com\\\/de\\\/#website\"},\"primaryImageOfPage\":{\"@id\":\"https:\\\/\\\/www.accord-langues.com\\\/de\\\/abitur-franzoesisch-vorbereitungskurs\\\/#primaryimage\"},\"image\":{\"@id\":\"https:\\\/\\\/www.accord-langues.com\\\/de\\\/abitur-franzoesisch-vorbereitungskurs\\\/#primaryimage\"},\"thumbnailUrl\":\"https:\\\/\\\/www.accord-langues.com\\\/wp-content\\\/uploads\\\/2023\\\/11\\\/DM39481.jpg\",\"datePublished\":\"2023-11-02T12:32:11+00:00\",\"dateModified\":\"2025-12-20T09:20:33+00:00\",\"description\":\"Kommen Sie nach Frankreich, nehmen Sie am Franz\u00f6sisch-Vorbereitungskurs f\u00fcr die ABITUR-Franz\u00f6sischpr\u00fcfung von ACCORD Paris teil.\",\"inLanguage\":\"de\",\"potentialAction\":[{\"@type\":\"ReadAction\",\"target\":[\"https:\\\/\\\/www.accord-langues.com\\\/de\\\/abitur-franzoesisch-vorbereitungskurs\\\/\"]}]},{\"@type\":\"ImageObject\",\"inLanguage\":\"de\",\"@id\":\"https:\\\/\\\/www.accord-langues.com\\\/de\\\/abitur-franzoesisch-vorbereitungskurs\\\/#primaryimage\",\"url\":\"https:\\\/\\\/www.accord-langues.com\\\/wp-content\\\/uploads\\\/2023\\\/11\\\/DM39481.jpg\",\"contentUrl\":\"https:\\\/\\\/www.accord-langues.com\\\/wp-content\\\/uploads\\\/2023\\\/11\\\/DM39481.jpg\",\"width\":1600,\"height\":1067,\"caption\":\"Franz\u00f6sisch-Vorbereitungskurs f\u00fcr die ABITUR-Franz\u00f6sischpr\u00fcfung\"},{\"@type\":\"WebSite\",\"@id\":\"https:\\\/\\\/www.accord-langues.com\\\/de\\\/#website\",\"url\":\"https:\\\/\\\/www.accord-langues.com\\\/de\\\/\",\"name\":\"Accord Paris\",\"description\":\"Learn French in France\",\"publisher\":{\"@id\":\"https:\\\/\\\/www.accord-langues.com\\\/de\\\/#organization\"},\"potentialAction\":[{\"@type\":\"SearchAction\",\"target\":{\"@type\":\"EntryPoint\",\"urlTemplate\":\"https:\\\/\\\/www.accord-langues.com\\\/de\\\/?s={search_term_string}\"},\"query-input\":{\"@type\":\"PropertyValueSpecification\",\"valueRequired\":true,\"valueName\":\"search_term_string\"}}],\"inLanguage\":\"de\"},{\"@type\":\"Organization\",\"@id\":\"https:\\\/\\\/www.accord-langues.com\\\/de\\\/#organization\",\"name\":\"ACCORD Tour Eiffel\",\"alternateName\":\"Learn French in Paris\",\"url\":\"https:\\\/\\\/www.accord-langues.com\\\/de\\\/\",\"logo\":{\"@type\":\"ImageObject\",\"inLanguage\":\"de\",\"@id\":\"https:\\\/\\\/www.accord-langues.com\\\/de\\\/#\\\/schema\\\/logo\\\/image\\\/\",\"url\":\"https:\\\/\\\/www.accord-langues.com\\\/wp-content\\\/uploads\\\/2016\\\/06\\\/Logo.png\",\"contentUrl\":\"https:\\\/\\\/www.accord-langues.com\\\/wp-content\\\/uploads\\\/2016\\\/06\\\/Logo.png\",\"width\":290,\"height\":70,\"caption\":\"ACCORD Tour Eiffel\"},\"image\":{\"@id\":\"https:\\\/\\\/www.accord-langues.com\\\/de\\\/#\\\/schema\\\/logo\\\/image\\\/\"},\"sameAs\":[\"https:\\\/\\\/www.facebook.com\\\/accordecoledelangues\",\"https:\\\/\\\/www.linkedin.com\\\/groups\\\/4542133\\\/\"],\"description\":\"ACCORD French Language School is one of the leading schools in France for teaching French to foreign students and offering high quality French language courses in Paris. The ACCORD language school is located in the heart of Paris, nearby the Eiffel Tower. The ACCORD school is open all year round and welcomes students from all over the world from the age of 16 in its French language courses. ACCORD school is accredited by the official \u201cQualit\u00e9 FLE\u201d label and is member of CAMPUS FRANCE, SOUFFLE and Atout France. ACCORD is official exam center for the TCF IRN, TCF TP, TCF Qu\u00e9bec and TCF Canada.\",\"email\":\"info@accord-langues.com\",\"telephone\":\"+33155335233\",\"legalName\":\"FORUM ACCORD\",\"foundingDate\":\"1990-02-23\",\"numberOfEmployees\":{\"@type\":\"QuantitativeValue\",\"minValue\":\"11\",\"maxValue\":\"50\"}},{\"@type\":\"Person\",\"@id\":\"https:\\\/\\\/www.accord-langues.com\\\/de\\\/#\\\/schema\\\/person\\\/094b7403ccd70c90f43907c2f18fcd5c\",\"name\":\"Fran\u00e7ois PFEIFFER\",\"url\":\"https:\\\/\\\/www.accord-langues.com\\\/de\\\/author\\\/ffpnat-21-05\\\/\"}]}<\/script>\n<!-- \/ Yoast SEO Premium plugin. -->","yoast_head_json":{"title":"Vorbereitungskurs f\u00fcr die ABITUR-Franz\u00f6sischpr\u00fcfung","description":"Kommen Sie nach Frankreich, nehmen Sie am Franz\u00f6sisch-Vorbereitungskurs f\u00fcr die ABITUR-Franz\u00f6sischpr\u00fcfung von ACCORD Paris teil.","robots":{"index":"index","follow":"follow","max-snippet":"max-snippet:-1","max-image-preview":"max-image-preview:large","max-video-preview":"max-video-preview:-1"},"canonical":"https:\/\/www.accord-langues.com\/de\/abitur-franzoesisch-vorbereitungskurs\/","og_locale":"de_DE","og_type":"article","og_title":"Vorbereitungskurs f\u00fcr die ABITUR-Franz\u00f6sischpr\u00fcfung","og_description":"Kommen Sie nach Frankreich, nehmen Sie am Franz\u00f6sisch-Vorbereitungskurs f\u00fcr die ABITUR-Franz\u00f6sischpr\u00fcfung von ACCORD Paris teil.","og_url":"https:\/\/www.accord-langues.com\/de\/abitur-franzoesisch-vorbereitungskurs\/","og_site_name":"Accord Paris","article_publisher":"https:\/\/www.facebook.com\/accordecoledelangues","article_published_time":"2023-11-02T12:32:11+00:00","article_modified_time":"2025-12-20T09:20:33+00:00","og_image":[{"width":1600,"height":1067,"url":"https:\/\/www.accord-langues.com\/wp-content\/uploads\/2023\/11\/DM39481.jpg","type":"image\/jpeg"}],"author":"Fran\u00e7ois PFEIFFER","twitter_card":"summary_large_image","twitter_misc":{"Verfasst von":"Fran\u00e7ois PFEIFFER","Gesch\u00e4tzte Lesezeit":"2\u00a0Minuten"},"schema":{"@context":"https:\/\/schema.org","@graph":[{"@type":"Article","@id":"https:\/\/www.accord-langues.com\/de\/abitur-franzoesisch-vorbereitungskurs\/#article","isPartOf":{"@id":"https:\/\/www.accord-langues.com\/de\/abitur-franzoesisch-vorbereitungskurs\/"},"author":{"name":"Fran\u00e7ois PFEIFFER","@id":"https:\/\/www.accord-langues.com\/de\/#\/schema\/person\/094b7403ccd70c90f43907c2f18fcd5c"},"headline":"Vorbereitungskurs f\u00fcr die ABITUR-Franz\u00f6sischpr\u00fcfung","datePublished":"2023-11-02T12:32:11+00:00","dateModified":"2025-12-20T09:20:33+00:00","mainEntityOfPage":{"@id":"https:\/\/www.accord-langues.com\/de\/abitur-franzoesisch-vorbereitungskurs\/"},"wordCount":389,"publisher":{"@id":"https:\/\/www.accord-langues.com\/de\/#organization"},"image":{"@id":"https:\/\/www.accord-langues.com\/de\/abitur-franzoesisch-vorbereitungskurs\/#primaryimage"},"thumbnailUrl":"https:\/\/www.accord-langues.com\/wp-content\/uploads\/2023\/11\/DM39481.jpg","keywords":["ABITUR-Franz\u00f6sischpr\u00fcfung","ACCORD Franz\u00f6sischschule in Paris","ACCORD-Sprachschule","Franz\u00f6sisch-Vorbereitungskurs","Franz\u00f6sisch-Vorbereitungskurs f\u00fcr die ABITUR-Franz\u00f6sischpr\u00fcfung","Franz\u00f6sischschule"],"articleSection":["Franz\u00f6sischkurse in Frankreich"],"inLanguage":"de"},{"@type":"WebPage","@id":"https:\/\/www.accord-langues.com\/de\/abitur-franzoesisch-vorbereitungskurs\/","url":"https:\/\/www.accord-langues.com\/de\/abitur-franzoesisch-vorbereitungskurs\/","name":"Vorbereitungskurs f\u00fcr die ABITUR-Franz\u00f6sischpr\u00fcfung","isPartOf":{"@id":"https:\/\/www.accord-langues.com\/de\/#website"},"primaryImageOfPage":{"@id":"https:\/\/www.accord-langues.com\/de\/abitur-franzoesisch-vorbereitungskurs\/#primaryimage"},"image":{"@id":"https:\/\/www.accord-langues.com\/de\/abitur-franzoesisch-vorbereitungskurs\/#primaryimage"},"thumbnailUrl":"https:\/\/www.accord-langues.com\/wp-content\/uploads\/2023\/11\/DM39481.jpg","datePublished":"2023-11-02T12:32:11+00:00","dateModified":"2025-12-20T09:20:33+00:00","description":"Kommen Sie nach Frankreich, nehmen Sie am Franz\u00f6sisch-Vorbereitungskurs f\u00fcr die ABITUR-Franz\u00f6sischpr\u00fcfung von ACCORD Paris teil.","inLanguage":"de","potentialAction":[{"@type":"ReadAction","target":["https:\/\/www.accord-langues.com\/de\/abitur-franzoesisch-vorbereitungskurs\/"]}]},{"@type":"ImageObject","inLanguage":"de","@id":"https:\/\/www.accord-langues.com\/de\/abitur-franzoesisch-vorbereitungskurs\/#primaryimage","url":"https:\/\/www.accord-langues.com\/wp-content\/uploads\/2023\/11\/DM39481.jpg","contentUrl":"https:\/\/www.accord-langues.com\/wp-content\/uploads\/2023\/11\/DM39481.jpg","width":1600,"height":1067,"caption":"Franz\u00f6sisch-Vorbereitungskurs f\u00fcr die ABITUR-Franz\u00f6sischpr\u00fcfung"},{"@type":"WebSite","@id":"https:\/\/www.accord-langues.com\/de\/#website","url":"https:\/\/www.accord-langues.com\/de\/","name":"Accord Paris","description":"Learn French in France","publisher":{"@id":"https:\/\/www.accord-langues.com\/de\/#organization"},"potentialAction":[{"@type":"SearchAction","target":{"@type":"EntryPoint","urlTemplate":"https:\/\/www.accord-langues.com\/de\/?s={search_term_string}"},"query-input":{"@type":"PropertyValueSpecification","valueRequired":true,"valueName":"search_term_string"}}],"inLanguage":"de"},{"@type":"Organization","@id":"https:\/\/www.accord-langues.com\/de\/#organization","name":"ACCORD Tour Eiffel","alternateName":"Learn French in Paris","url":"https:\/\/www.accord-langues.com\/de\/","logo":{"@type":"ImageObject","inLanguage":"de","@id":"https:\/\/www.accord-langues.com\/de\/#\/schema\/logo\/image\/","url":"https:\/\/www.accord-langues.com\/wp-content\/uploads\/2016\/06\/Logo.png","contentUrl":"https:\/\/www.accord-langues.com\/wp-content\/uploads\/2016\/06\/Logo.png","width":290,"height":70,"caption":"ACCORD Tour Eiffel"},"image":{"@id":"https:\/\/www.accord-langues.com\/de\/#\/schema\/logo\/image\/"},"sameAs":["https:\/\/www.facebook.com\/accordecoledelangues","https:\/\/www.linkedin.com\/groups\/4542133\/"],"description":"ACCORD French Language School is one of the leading schools in France for teaching French to foreign students and offering high quality French language courses in Paris. The ACCORD language school is located in the heart of Paris, nearby the Eiffel Tower. The ACCORD school is open all year round and welcomes students from all over the world from the age of 16 in its French language courses. ACCORD school is accredited by the official \u201cQualit\u00e9 FLE\u201d label and is member of CAMPUS FRANCE, SOUFFLE and Atout France. ACCORD is official exam center for the TCF IRN, TCF TP, TCF Qu\u00e9bec and TCF Canada.","email":"info@accord-langues.com","telephone":"+33155335233","legalName":"FORUM ACCORD","foundingDate":"1990-02-23","numberOfEmployees":{"@type":"QuantitativeValue","minValue":"11","maxValue":"50"}},{"@type":"Person","@id":"https:\/\/www.accord-langues.com\/de\/#\/schema\/person\/094b7403ccd70c90f43907c2f18fcd5c","name":"Fran\u00e7ois PFEIFFER","url":"https:\/\/www.accord-langues.com\/de\/author\/ffpnat-21-05\/"}]}},"_links":{"self":[{"href":"https:\/\/www.accord-langues.com\/de\/wp-json\/wp\/v2\/posts\/22017","targetHints":{"allow":["GET"]}}],"collection":[{"href":"https:\/\/www.accord-langues.com\/de\/wp-json\/wp\/v2\/posts"}],"about":[{"href":"https:\/\/www.accord-langues.com\/de\/wp-json\/wp\/v2\/types\/post"}],"author":[{"embeddable":true,"href":"https:\/\/www.accord-langues.com\/de\/wp-json\/wp\/v2\/users\/10"}],"replies":[{"embeddable":true,"href":"https:\/\/www.accord-langues.com\/de\/wp-json\/wp\/v2\/comments?post=22017"}],"version-history":[{"count":2,"href":"https:\/\/www.accord-langues.com\/de\/wp-json\/wp\/v2\/posts\/22017\/revisions"}],"predecessor-version":[{"id":25891,"href":"https:\/\/www.accord-langues.com\/de\/wp-json\/wp\/v2\/posts\/22017\/revisions\/25891"}],"wp:featuredmedia":[{"embeddable":true,"href":"https:\/\/www.accord-langues.com\/de\/wp-json\/wp\/v2\/media\/22018"}],"wp:attachment":[{"href":"https:\/\/www.accord-langues.com\/de\/wp-json\/wp\/v2\/media?parent=22017"}],"wp:term":[{"taxonomy":"category","embeddable":true,"href":"https:\/\/www.accord-langues.com\/de\/wp-json\/wp\/v2\/categories?post=22017"},{"taxonomy":"post_tag","embeddable":true,"href":"https:\/\/www.accord-langues.com\/de\/wp-json\/wp\/v2\/tags?post=22017"}],"curies":[{"name":"wp","href":"https:\/\/api.w.org\/{rel}","templated":true}]}}