{"id":17515,"date":"2023-02-10T15:11:09","date_gmt":"2023-02-10T15:11:09","guid":{"rendered":"https:\/\/www.accord-langues.com\/?p=17515"},"modified":"2025-05-16T15:43:46","modified_gmt":"2025-05-16T14:43:46","slug":"kulturelle-immersion-in-paris-fuer-deutsche-studierende","status":"publish","type":"post","link":"https:\/\/www.accord-langues.com\/de\/kulturelle-immersion-in-paris-fuer-deutsche-studierende\/","title":{"rendered":"Kulturelle Immersion in Paris f\u00fcr deutsche Studierende"},"content":{"rendered":"<h2><span style=\"color: #ff6600;\">Kulturelle Immersion in Paris f\u00fcr deutsche Studierende<\/span><\/h2>\n<p>M\u00f6chten Sie Ihren n\u00e4chsten Aufenthalt in Frankreich nutzen, um Franz\u00f6sisch zu lernen oder Ihre Franz\u00f6sischkenntnisse zu verbessern und von einem Immersionsaufenthalt in Paris zu profitieren?<br \/>\n<strong>Z\u00f6gern Sie nicht und w\u00e4hlen Sie einen Kulturaufenthalt in Paris f\u00fcr deutsche Studenten, der von der ACCORD-Sprachschule angeboten wird.<\/strong><\/p>\n<p><strong>Sie absolvieren einen Franz\u00f6sischkurs in einer Klasse Ihres Niveaus und werden in einer Gastfamilie untergebracht,<\/strong> die von einem unserer Partner ausgew\u00e4hlt wurde, nur auf Fr\u00fchst\u00fccksbasis oder mit Halbpension (Fr\u00fchst\u00fcck und Abendessen) 5-mal oder 7-mal pro Woche.<\/p>\n<p><strong>F\u00fcr Ihren <a href=\"https:\/\/www.accord-langues.com\/de\/home-franzoesischkurse-paris\/\" target=\"_blank\" rel=\"noopener\">Franz\u00f6sischkurs<\/a> haben Sie die Wahl zwischen:<\/strong><\/p>\n<p>\u2013 <strong>8 Intensivkurse<\/strong> von 20 bis 29 Stunden\/Woche,<br \/>\n\u2013 <strong>2 Superintensivkurse<\/strong> von 32 und 35 Stunden\/Woche,<br \/>\n\u2013 <strong>2 Halbintensivkurse<\/strong> von 15 Stunden\/Woche,<br \/>\n\u2013 <strong>Pr\u00fcfungsvorbereitungskurse<\/strong> (DELF, DALF, ABITUR, etc.),<br \/>\n\u2013 <strong>Intensivkurse PLUS<\/strong>, die den Intensivkurs am Vormittag mit 5, 10 oder 20 Privatstunden kombinieren,<br \/>\n\u2013 ein <strong>Business-Franz\u00f6sischkurs in einer Minigruppe<\/strong> (max. 3 Studenten),<br \/>\n\u2013 ein <strong>Rechtsfranz\u00f6sischkurs in einer Minigruppe<\/strong> (max. 6 Studenten),<br \/>\n\u2013 <strong>m\u00fcndlicher Kommunikationsunterricht<\/strong> an zwei Nachmittagen pro Woche,<br \/>\n\u2013 <strong>Franz\u00f6sischer Schreib- und Grammatikunterricht<\/strong> an drei Nachmittagen pro Woche.<\/p>\n<p>Kulturelle Immersion in Paris f\u00fcr deutsche Studierende: Mit <strong>35 Jahren Erfahrung<\/strong> im Unterrichten von Franz\u00f6sisch als Fremdsprache (FLE) bietet <a href=\"https:\/\/www.accord-langues.com\/de\/die-franzoesische-sprachschule-accord-in-frankreich\/\" target=\"_blank\" rel=\"noopener\">ACCORD-Sprachschule<\/a> eine Reihe von qualitativ hochwertigen Kursen in Paris an.<\/p>\n<div id='gallery-1' class='gallery galleryid-17515 gallery-columns-1 gallery-size-large'><figure class='gallery-item'>\n\t\t\t<div class='gallery-icon landscape'>\n\t\t\t\t<a href='https:\/\/www.accord-langues.com\/wp-content\/uploads\/2023\/02\/DSCN0709-002.jpg'><img decoding=\"async\" width=\"640\" height=\"464\" src=\"https:\/\/www.accord-langues.com\/wp-content\/uploads\/2023\/02\/DSCN0709-002-1024x742.jpg\" class=\"attachment-large size-large\" alt=\"Kulturelle Immersion in Paris f\u00fcr deutsche Studierende\" srcset=\"https:\/\/www.accord-langues.com\/wp-content\/uploads\/2023\/02\/DSCN0709-002-1024x742.jpg 1024w, https:\/\/www.accord-langues.com\/wp-content\/uploads\/2023\/02\/DSCN0709-002-300x217.jpg 300w, https:\/\/www.accord-langues.com\/wp-content\/uploads\/2023\/02\/DSCN0709-002-768x556.jpg 768w, https:\/\/www.accord-langues.com\/wp-content\/uploads\/2023\/02\/DSCN0709-002-1536x1112.jpg 1536w, https:\/\/www.accord-langues.com\/wp-content\/uploads\/2023\/02\/DSCN0709-002-2048x1483.jpg 2048w\" sizes=\"(max-width: 640px) 100vw, 640px\" title=\"Kulturelle Immersion in Paris f\u00fcr deutsche Studierende\" \/><\/a>\n\t\t\t<\/div><\/figure>\n\t\t<\/div>\n\n<p>Alle diese Kurse werden Ihnen auf der Website der Schule vorgestellt: <a href=\"https:\/\/www.accord-langues.com\/de\/franzoesischkurs-in-paris\/\" target=\"_blank\" rel=\"noopener\"><strong>Franz\u00f6sischkurse bei ACCORD<\/strong><\/a><\/p>\n<p>ACCORD Daten und Preise zum <a href=\"https:\/\/www.accord-langues.com\/de\/accord-termine-und-preise\/\" target=\"_blank\" rel=\"noopener\">Ansehen und Herunterladen<\/a><\/p>\n<p><strong><a href=\"https:\/\/www.accord-langues.com\/de\/\" target=\"_blank\" rel=\"noopener\">Kulturelle Immersion<\/a> in Paris f\u00fcr deutsche Studierende<\/strong><\/p>\n<p>Reisen Sie alleine, zu zweit oder mit Freunden? M\u00f6chten Sie Ihr Franz\u00f6sisch verbessern und \u00fcben, um das Pariser Kulturleben optimal zu nutzen?<br \/>\n<em>&#8222;Ich melde mich an dieser ACCORD Paris Sprachschule an!&#8220;<\/em><br \/>\nW\u00e4hlen Sie Ihren Franz\u00f6sischkurs und dann <a href=\"https:\/\/www.accord-langues.com\/de\/gastfamilie-in-paris-gastfamilie-fuer-ihren-aufenthalt-in-frankreich\/\" target=\"_blank\" rel=\"noopener\">Ihre Unterkunft in einer Gastfamilie<\/a> und profitieren Sie von den besten Aufenthaltsbedingungen, um Ihren Aufenthalt in Paris zu genie\u00dfen!<br \/>\nIhre Unterkunft bei einer Gastfamilie in Paris wird Ihnen auf unserer Website vorgestellt: <a href=\"https:\/\/www.accord-langues.com\/de\/unterkunft-in-paris\/\" target=\"_blank\" rel=\"noopener\">Gastfamilien in Paris<\/a><\/p>\n<p>Wir bieten Ihnen au\u00dferdem <a href=\"https:\/\/www.accord-langues.com\/de\/unterkunft-in-paris\/#transfer\" target=\"_blank\" rel=\"noopener\">einen personalisierten Transfer<\/a> mit Fahrer, der Sie am Flughafen oder am Bahnhof, am Tag Ihrer Ankunft in Paris, aber auch am Tag Ihrer Abreise, willkommen wird.<\/p>\n<h3><strong>Praktische Informationen f\u00fcr Ihr kulturelles Eintauchen in Paris<\/strong><\/h3>\n<p><span style=\"color: #ff6600;\"><strong><a href=\"https:\/\/www.accord-langues.com\/de\/accord-paris-3bis-rue-jean-pierre-bloch-paris\/\" target=\"_blank\" rel=\"noopener\">ACCORD-Sprachschule<\/a>: 3 bis rue Jean Pierre Bloch, 75015 Paris, Frankreich.<\/strong><\/span><\/p>\n<p>Die ACCORD-Sprachschule wird von der <a href=\"https:\/\/www.paris-move.com\/\" target=\"_blank\" rel=\"noopener\">Redaktion von PARIS MOVE<\/a> empfohlen.<\/p>\n<p><strong><a href=\"https:\/\/www.accord-langues.com\/de\/franzoesisch-intensivkurs-in-frankreich-in-paris\/\" target=\"_blank\" rel=\"noopener\">Franz\u00f6sischkurse in Frankreich in Paris<\/a>:<\/strong><\/p>\n<ul>\n<li><a href=\"https:\/\/www.accord-langues.com\/de\/franzoesisch-vorbereitungskurs-fuer-die-abitur-franzoesischpruefung\/\" target=\"_blank\" rel=\"noopener\">Franz\u00f6sisch-Vorbereitungskurs f\u00fcr die ABITUR-Franz\u00f6sischpr\u00fcfung<\/a><\/li>\n<li><a href=\"https:\/\/www.accord-langues.com\/de\/bildungsurlaub-anerkannter-franzoesischkurs\/\" target=\"_blank\" rel=\"noopener\">Bildungsurlaub anerkannter Franz\u00f6sischkurs<\/a><\/li>\n<\/ul>\n<p><strong>Folge uns auf:<\/strong><\/p>\n<ul>\n<li><a href=\"https:\/\/twitter.com\/FrenchParisFP\" target=\"_blank\" rel=\"noopener\">French-Paris auf X \u2013 Twitter<\/a><\/li>\n<li><a href=\"https:\/\/twitter.com\/ParisMove\" target=\"_blank\" rel=\"noopener\">Paris-Move auf X \u2013 Twitter<\/a><\/li>\n<li><a href=\"https:\/\/mastodon.social\/@FrenchParis\" target=\"_blank\" rel=\"noopener\">French-Paris auf Mastodon<\/a><\/li>\n<li><a href=\"https:\/\/www.activelanguages.co.uk\/\" target=\"_blank\" rel=\"noopener\">Active Languages<\/a><\/li>\n<li><a class=\"x1i10hfl xjbqb8w x6umtig x1b1mbwd xaqea5y xav7gou x9f619 x1ypdohk xt0psk2 xe8uvvx xdj266r x11i5rnm xat24cr x1mh8g0r xexx8yu x4uap5 x18d9i69 xkhd6sd x16tdsg8 x1hl2dhg xggy1nq x1a2a7pz x1heor9g xt0b8zv\" tabindex=\"0\" role=\"link\" href=\"https:\/\/www.facebook.com\/profile.php?id=61554169949072\"><span class=\"x193iq5w xeuugli x13faqbe x1vvkbs x1xmvt09 x1lliihq x1s928wv xhkezso x1gmr53x x1cpjm7i x1fgarty x1943h6x xtoi2st x3x7a5m x1603h9y x1u7k74 x1xlr1w8 xzsf02u\" dir=\"auto\">Study French in France<\/span><\/a><\/li>\n<li><a href=\"https:\/\/www.facebook.com\/login\/?next=https%3A%2F%2Fwww.facebook.com%2FFrenchCourseParis\" target=\"_blank\" rel=\"noopener\">French-Paris Facebook<\/a><\/li>\n<li><a href=\"https:\/\/www.facebook.com\/profile.php?id=61554096872127\" target=\"_blank\" rel=\"noopener\">Paris-Junior Facebook<\/a><\/li>\n<li><a href=\"https:\/\/www.linkedin.com\/groups\/4542133\/\" target=\"_blank\" rel=\"noopener\">Accord Language Schools auf Linkedin<\/a><\/li>\n<\/ul>\n","protected":false},"excerpt":{"rendered":"<p>W\u00e4hlen Sie einen Kulturaufenthalt in Paris f\u00fcr deutsche Studenten, der von der ACCORD-Sprachschule angeboten wird.<\/p>\n","protected":false},"author":10,"featured_media":22300,"comment_status":"closed","ping_status":"closed","sticky":false,"template":"","format":"standard","meta":{"_acf_changed":false,"footnotes":""},"categories":[10624],"tags":[],"class_list":["post-17515","post","type-post","status-publish","format-standard","has-post-thumbnail","hentry","category-franzoesischkurse-in-frankreich"],"acf":[],"yoast_head":"<!-- This site is optimized with the Yoast SEO Premium plugin v27.5 (Yoast SEO v27.5) - https:\/\/yoast.com\/product\/yoast-seo-premium-wordpress\/ -->\n<title>Kulturelle Immersion in Paris f\u00fcr deutsche Studierende mit Accord<\/title>\n<meta name=\"description\" content=\"W\u00e4hlen Sie eine Kulturelle Immersion in Paris f\u00fcr deutsche Studierende die von der ACCORD-Sprachschule angeboten ist. FLE Franz\u00f6sischkurse.\" \/>\n<meta name=\"robots\" content=\"index, follow, max-snippet:-1, max-image-preview:large, max-video-preview:-1\" \/>\n<link rel=\"canonical\" href=\"https:\/\/www.accord-langues.com\/de\/kulturelle-immersion-in-paris-fuer-deutsche-studierende\/\" \/>\n<meta property=\"og:locale\" content=\"de_DE\" \/>\n<meta property=\"og:type\" content=\"article\" \/>\n<meta property=\"og:title\" content=\"Kulturelle Immersion in Paris f\u00fcr deutsche Studierende\" \/>\n<meta property=\"og:description\" content=\"W\u00e4hlen Sie eine Kulturelle Immersion in Paris f\u00fcr deutsche Studierende die von der ACCORD-Sprachschule angeboten ist. FLE Franz\u00f6sischkurse.\" \/>\n<meta property=\"og:url\" content=\"https:\/\/www.accord-langues.com\/de\/kulturelle-immersion-in-paris-fuer-deutsche-studierende\/\" \/>\n<meta property=\"og:site_name\" content=\"Accord Paris\" \/>\n<meta property=\"article:publisher\" content=\"https:\/\/www.facebook.com\/accordecoledelangues\" \/>\n<meta property=\"article:published_time\" content=\"2023-02-10T15:11:09+00:00\" \/>\n<meta property=\"article:modified_time\" content=\"2025-05-16T14:43:46+00:00\" \/>\n<meta property=\"og:image\" content=\"https:\/\/www.accord-langues.com\/wp-content\/uploads\/2023\/02\/download-12-001.jpg\" \/>\n\t<meta property=\"og:image:width\" content=\"1173\" \/>\n\t<meta property=\"og:image:height\" content=\"661\" \/>\n\t<meta property=\"og:image:type\" content=\"image\/jpeg\" \/>\n<meta name=\"author\" content=\"Fran\u00e7ois PFEIFFER\" \/>\n<meta name=\"twitter:card\" content=\"summary_large_image\" \/>\n<meta name=\"twitter:label1\" content=\"Verfasst von\" \/>\n\t<meta name=\"twitter:data1\" content=\"Fran\u00e7ois PFEIFFER\" \/>\n\t<meta name=\"twitter:label2\" content=\"Gesch\u00e4tzte Lesezeit\" \/>\n\t<meta name=\"twitter:data2\" content=\"2\u00a0Minuten\" \/>\n<script type=\"application\/ld+json\" class=\"yoast-schema-graph\">{\"@context\":\"https:\\\/\\\/schema.org\",\"@graph\":[{\"@type\":\"Article\",\"@id\":\"https:\\\/\\\/www.accord-langues.com\\\/de\\\/kulturelle-immersion-in-paris-fuer-deutsche-studierende\\\/#article\",\"isPartOf\":{\"@id\":\"https:\\\/\\\/www.accord-langues.com\\\/de\\\/kulturelle-immersion-in-paris-fuer-deutsche-studierende\\\/\"},\"author\":{\"name\":\"Fran\u00e7ois PFEIFFER\",\"@id\":\"https:\\\/\\\/www.accord-langues.com\\\/de\\\/#\\\/schema\\\/person\\\/094b7403ccd70c90f43907c2f18fcd5c\"},\"headline\":\"Kulturelle Immersion in Paris f\u00fcr deutsche Studierende\",\"datePublished\":\"2023-02-10T15:11:09+00:00\",\"dateModified\":\"2025-05-16T14:43:46+00:00\",\"mainEntityOfPage\":{\"@id\":\"https:\\\/\\\/www.accord-langues.com\\\/de\\\/kulturelle-immersion-in-paris-fuer-deutsche-studierende\\\/\"},\"wordCount\":434,\"publisher\":{\"@id\":\"https:\\\/\\\/www.accord-langues.com\\\/de\\\/#organization\"},\"image\":{\"@id\":\"https:\\\/\\\/www.accord-langues.com\\\/de\\\/kulturelle-immersion-in-paris-fuer-deutsche-studierende\\\/#primaryimage\"},\"thumbnailUrl\":\"https:\\\/\\\/www.accord-langues.com\\\/wp-content\\\/uploads\\\/2023\\\/02\\\/Paris-10-x15-6.jpg\",\"articleSection\":[\"Franz\u00f6sischkurse in Frankreich\"],\"inLanguage\":\"de\"},{\"@type\":\"WebPage\",\"@id\":\"https:\\\/\\\/www.accord-langues.com\\\/de\\\/kulturelle-immersion-in-paris-fuer-deutsche-studierende\\\/\",\"url\":\"https:\\\/\\\/www.accord-langues.com\\\/de\\\/kulturelle-immersion-in-paris-fuer-deutsche-studierende\\\/\",\"name\":\"Kulturelle Immersion in Paris f\u00fcr deutsche Studierende mit Accord\",\"isPartOf\":{\"@id\":\"https:\\\/\\\/www.accord-langues.com\\\/de\\\/#website\"},\"primaryImageOfPage\":{\"@id\":\"https:\\\/\\\/www.accord-langues.com\\\/de\\\/kulturelle-immersion-in-paris-fuer-deutsche-studierende\\\/#primaryimage\"},\"image\":{\"@id\":\"https:\\\/\\\/www.accord-langues.com\\\/de\\\/kulturelle-immersion-in-paris-fuer-deutsche-studierende\\\/#primaryimage\"},\"thumbnailUrl\":\"https:\\\/\\\/www.accord-langues.com\\\/wp-content\\\/uploads\\\/2023\\\/02\\\/Paris-10-x15-6.jpg\",\"datePublished\":\"2023-02-10T15:11:09+00:00\",\"dateModified\":\"2025-05-16T14:43:46+00:00\",\"description\":\"W\u00e4hlen Sie eine Kulturelle Immersion in Paris f\u00fcr deutsche Studierende die von der ACCORD-Sprachschule angeboten ist. FLE Franz\u00f6sischkurse.\",\"inLanguage\":\"de\",\"potentialAction\":[{\"@type\":\"ReadAction\",\"target\":[\"https:\\\/\\\/www.accord-langues.com\\\/de\\\/kulturelle-immersion-in-paris-fuer-deutsche-studierende\\\/\"]}]},{\"@type\":\"ImageObject\",\"inLanguage\":\"de\",\"@id\":\"https:\\\/\\\/www.accord-langues.com\\\/de\\\/kulturelle-immersion-in-paris-fuer-deutsche-studierende\\\/#primaryimage\",\"url\":\"https:\\\/\\\/www.accord-langues.com\\\/wp-content\\\/uploads\\\/2023\\\/02\\\/Paris-10-x15-6.jpg\",\"contentUrl\":\"https:\\\/\\\/www.accord-langues.com\\\/wp-content\\\/uploads\\\/2023\\\/02\\\/Paris-10-x15-6.jpg\",\"width\":1505,\"height\":1004,\"caption\":\"Kulturelle Immersion in Paris f\u00fcr deutsche Studierende\"},{\"@type\":\"WebSite\",\"@id\":\"https:\\\/\\\/www.accord-langues.com\\\/de\\\/#website\",\"url\":\"https:\\\/\\\/www.accord-langues.com\\\/de\\\/\",\"name\":\"Accord Paris\",\"description\":\"Learn French in France\",\"publisher\":{\"@id\":\"https:\\\/\\\/www.accord-langues.com\\\/de\\\/#organization\"},\"potentialAction\":[{\"@type\":\"SearchAction\",\"target\":{\"@type\":\"EntryPoint\",\"urlTemplate\":\"https:\\\/\\\/www.accord-langues.com\\\/de\\\/?s={search_term_string}\"},\"query-input\":{\"@type\":\"PropertyValueSpecification\",\"valueRequired\":true,\"valueName\":\"search_term_string\"}}],\"inLanguage\":\"de\"},{\"@type\":\"Organization\",\"@id\":\"https:\\\/\\\/www.accord-langues.com\\\/de\\\/#organization\",\"name\":\"ACCORD Tour Eiffel\",\"alternateName\":\"Learn French in Paris\",\"url\":\"https:\\\/\\\/www.accord-langues.com\\\/de\\\/\",\"logo\":{\"@type\":\"ImageObject\",\"inLanguage\":\"de\",\"@id\":\"https:\\\/\\\/www.accord-langues.com\\\/de\\\/#\\\/schema\\\/logo\\\/image\\\/\",\"url\":\"https:\\\/\\\/www.accord-langues.com\\\/wp-content\\\/uploads\\\/2016\\\/06\\\/Logo.png\",\"contentUrl\":\"https:\\\/\\\/www.accord-langues.com\\\/wp-content\\\/uploads\\\/2016\\\/06\\\/Logo.png\",\"width\":290,\"height\":70,\"caption\":\"ACCORD Tour Eiffel\"},\"image\":{\"@id\":\"https:\\\/\\\/www.accord-langues.com\\\/de\\\/#\\\/schema\\\/logo\\\/image\\\/\"},\"sameAs\":[\"https:\\\/\\\/www.facebook.com\\\/accordecoledelangues\",\"https:\\\/\\\/www.linkedin.com\\\/groups\\\/4542133\\\/\"],\"description\":\"ACCORD French Language School is one of the leading schools in France for teaching French to foreign students and offering high quality French language courses in Paris. The ACCORD language school is located in the heart of Paris, nearby the Eiffel Tower. The ACCORD school is open all year round and welcomes students from all over the world from the age of 16 in its French language courses. ACCORD school is accredited by the official \u201cQualit\u00e9 FLE\u201d label and is member of CAMPUS FRANCE, SOUFFLE and Atout France. ACCORD is official exam center for the TCF IRN, TCF TP, TCF Qu\u00e9bec and TCF Canada.\",\"email\":\"info@accord-langues.com\",\"telephone\":\"+33155335233\",\"legalName\":\"FORUM ACCORD\",\"foundingDate\":\"1990-02-23\",\"numberOfEmployees\":{\"@type\":\"QuantitativeValue\",\"minValue\":\"11\",\"maxValue\":\"50\"}},{\"@type\":\"Person\",\"@id\":\"https:\\\/\\\/www.accord-langues.com\\\/de\\\/#\\\/schema\\\/person\\\/094b7403ccd70c90f43907c2f18fcd5c\",\"name\":\"Fran\u00e7ois PFEIFFER\",\"url\":\"https:\\\/\\\/www.accord-langues.com\\\/de\\\/author\\\/ffpnat-21-05\\\/\"}]}<\/script>\n<!-- \/ Yoast SEO Premium plugin. -->","yoast_head_json":{"title":"Kulturelle Immersion in Paris f\u00fcr deutsche Studierende mit Accord","description":"W\u00e4hlen Sie eine Kulturelle Immersion in Paris f\u00fcr deutsche Studierende die von der ACCORD-Sprachschule angeboten ist. FLE Franz\u00f6sischkurse.","robots":{"index":"index","follow":"follow","max-snippet":"max-snippet:-1","max-image-preview":"max-image-preview:large","max-video-preview":"max-video-preview:-1"},"canonical":"https:\/\/www.accord-langues.com\/de\/kulturelle-immersion-in-paris-fuer-deutsche-studierende\/","og_locale":"de_DE","og_type":"article","og_title":"Kulturelle Immersion in Paris f\u00fcr deutsche Studierende","og_description":"W\u00e4hlen Sie eine Kulturelle Immersion in Paris f\u00fcr deutsche Studierende die von der ACCORD-Sprachschule angeboten ist. FLE Franz\u00f6sischkurse.","og_url":"https:\/\/www.accord-langues.com\/de\/kulturelle-immersion-in-paris-fuer-deutsche-studierende\/","og_site_name":"Accord Paris","article_publisher":"https:\/\/www.facebook.com\/accordecoledelangues","article_published_time":"2023-02-10T15:11:09+00:00","article_modified_time":"2025-05-16T14:43:46+00:00","og_image":[{"width":1173,"height":661,"url":"https:\/\/www.accord-langues.com\/wp-content\/uploads\/2023\/02\/download-12-001.jpg","type":"image\/jpeg"}],"author":"Fran\u00e7ois PFEIFFER","twitter_card":"summary_large_image","twitter_misc":{"Verfasst von":"Fran\u00e7ois PFEIFFER","Gesch\u00e4tzte Lesezeit":"2\u00a0Minuten"},"schema":{"@context":"https:\/\/schema.org","@graph":[{"@type":"Article","@id":"https:\/\/www.accord-langues.com\/de\/kulturelle-immersion-in-paris-fuer-deutsche-studierende\/#article","isPartOf":{"@id":"https:\/\/www.accord-langues.com\/de\/kulturelle-immersion-in-paris-fuer-deutsche-studierende\/"},"author":{"name":"Fran\u00e7ois PFEIFFER","@id":"https:\/\/www.accord-langues.com\/de\/#\/schema\/person\/094b7403ccd70c90f43907c2f18fcd5c"},"headline":"Kulturelle Immersion in Paris f\u00fcr deutsche Studierende","datePublished":"2023-02-10T15:11:09+00:00","dateModified":"2025-05-16T14:43:46+00:00","mainEntityOfPage":{"@id":"https:\/\/www.accord-langues.com\/de\/kulturelle-immersion-in-paris-fuer-deutsche-studierende\/"},"wordCount":434,"publisher":{"@id":"https:\/\/www.accord-langues.com\/de\/#organization"},"image":{"@id":"https:\/\/www.accord-langues.com\/de\/kulturelle-immersion-in-paris-fuer-deutsche-studierende\/#primaryimage"},"thumbnailUrl":"https:\/\/www.accord-langues.com\/wp-content\/uploads\/2023\/02\/Paris-10-x15-6.jpg","articleSection":["Franz\u00f6sischkurse in Frankreich"],"inLanguage":"de"},{"@type":"WebPage","@id":"https:\/\/www.accord-langues.com\/de\/kulturelle-immersion-in-paris-fuer-deutsche-studierende\/","url":"https:\/\/www.accord-langues.com\/de\/kulturelle-immersion-in-paris-fuer-deutsche-studierende\/","name":"Kulturelle Immersion in Paris f\u00fcr deutsche Studierende mit Accord","isPartOf":{"@id":"https:\/\/www.accord-langues.com\/de\/#website"},"primaryImageOfPage":{"@id":"https:\/\/www.accord-langues.com\/de\/kulturelle-immersion-in-paris-fuer-deutsche-studierende\/#primaryimage"},"image":{"@id":"https:\/\/www.accord-langues.com\/de\/kulturelle-immersion-in-paris-fuer-deutsche-studierende\/#primaryimage"},"thumbnailUrl":"https:\/\/www.accord-langues.com\/wp-content\/uploads\/2023\/02\/Paris-10-x15-6.jpg","datePublished":"2023-02-10T15:11:09+00:00","dateModified":"2025-05-16T14:43:46+00:00","description":"W\u00e4hlen Sie eine Kulturelle Immersion in Paris f\u00fcr deutsche Studierende die von der ACCORD-Sprachschule angeboten ist. FLE Franz\u00f6sischkurse.","inLanguage":"de","potentialAction":[{"@type":"ReadAction","target":["https:\/\/www.accord-langues.com\/de\/kulturelle-immersion-in-paris-fuer-deutsche-studierende\/"]}]},{"@type":"ImageObject","inLanguage":"de","@id":"https:\/\/www.accord-langues.com\/de\/kulturelle-immersion-in-paris-fuer-deutsche-studierende\/#primaryimage","url":"https:\/\/www.accord-langues.com\/wp-content\/uploads\/2023\/02\/Paris-10-x15-6.jpg","contentUrl":"https:\/\/www.accord-langues.com\/wp-content\/uploads\/2023\/02\/Paris-10-x15-6.jpg","width":1505,"height":1004,"caption":"Kulturelle Immersion in Paris f\u00fcr deutsche Studierende"},{"@type":"WebSite","@id":"https:\/\/www.accord-langues.com\/de\/#website","url":"https:\/\/www.accord-langues.com\/de\/","name":"Accord Paris","description":"Learn French in France","publisher":{"@id":"https:\/\/www.accord-langues.com\/de\/#organization"},"potentialAction":[{"@type":"SearchAction","target":{"@type":"EntryPoint","urlTemplate":"https:\/\/www.accord-langues.com\/de\/?s={search_term_string}"},"query-input":{"@type":"PropertyValueSpecification","valueRequired":true,"valueName":"search_term_string"}}],"inLanguage":"de"},{"@type":"Organization","@id":"https:\/\/www.accord-langues.com\/de\/#organization","name":"ACCORD Tour Eiffel","alternateName":"Learn French in Paris","url":"https:\/\/www.accord-langues.com\/de\/","logo":{"@type":"ImageObject","inLanguage":"de","@id":"https:\/\/www.accord-langues.com\/de\/#\/schema\/logo\/image\/","url":"https:\/\/www.accord-langues.com\/wp-content\/uploads\/2016\/06\/Logo.png","contentUrl":"https:\/\/www.accord-langues.com\/wp-content\/uploads\/2016\/06\/Logo.png","width":290,"height":70,"caption":"ACCORD Tour Eiffel"},"image":{"@id":"https:\/\/www.accord-langues.com\/de\/#\/schema\/logo\/image\/"},"sameAs":["https:\/\/www.facebook.com\/accordecoledelangues","https:\/\/www.linkedin.com\/groups\/4542133\/"],"description":"ACCORD French Language School is one of the leading schools in France for teaching French to foreign students and offering high quality French language courses in Paris. The ACCORD language school is located in the heart of Paris, nearby the Eiffel Tower. The ACCORD school is open all year round and welcomes students from all over the world from the age of 16 in its French language courses. ACCORD school is accredited by the official \u201cQualit\u00e9 FLE\u201d label and is member of CAMPUS FRANCE, SOUFFLE and Atout France. ACCORD is official exam center for the TCF IRN, TCF TP, TCF Qu\u00e9bec and TCF Canada.","email":"info@accord-langues.com","telephone":"+33155335233","legalName":"FORUM ACCORD","foundingDate":"1990-02-23","numberOfEmployees":{"@type":"QuantitativeValue","minValue":"11","maxValue":"50"}},{"@type":"Person","@id":"https:\/\/www.accord-langues.com\/de\/#\/schema\/person\/094b7403ccd70c90f43907c2f18fcd5c","name":"Fran\u00e7ois PFEIFFER","url":"https:\/\/www.accord-langues.com\/de\/author\/ffpnat-21-05\/"}]}},"_links":{"self":[{"href":"https:\/\/www.accord-langues.com\/de\/wp-json\/wp\/v2\/posts\/17515","targetHints":{"allow":["GET"]}}],"collection":[{"href":"https:\/\/www.accord-langues.com\/de\/wp-json\/wp\/v2\/posts"}],"about":[{"href":"https:\/\/www.accord-langues.com\/de\/wp-json\/wp\/v2\/types\/post"}],"author":[{"embeddable":true,"href":"https:\/\/www.accord-langues.com\/de\/wp-json\/wp\/v2\/users\/10"}],"replies":[{"embeddable":true,"href":"https:\/\/www.accord-langues.com\/de\/wp-json\/wp\/v2\/comments?post=17515"}],"version-history":[{"count":0,"href":"https:\/\/www.accord-langues.com\/de\/wp-json\/wp\/v2\/posts\/17515\/revisions"}],"wp:featuredmedia":[{"embeddable":true,"href":"https:\/\/www.accord-langues.com\/de\/wp-json\/wp\/v2\/media\/22300"}],"wp:attachment":[{"href":"https:\/\/www.accord-langues.com\/de\/wp-json\/wp\/v2\/media?parent=17515"}],"wp:term":[{"taxonomy":"category","embeddable":true,"href":"https:\/\/www.accord-langues.com\/de\/wp-json\/wp\/v2\/categories?post=17515"},{"taxonomy":"post_tag","embeddable":true,"href":"https:\/\/www.accord-langues.com\/de\/wp-json\/wp\/v2\/tags?post=17515"}],"curies":[{"name":"wp","href":"https:\/\/api.w.org\/{rel}","templated":true}]}}