{"id":15800,"date":"2022-05-07T20:38:54","date_gmt":"2022-05-07T19:38:54","guid":{"rendered":"https:\/\/www.accord-langues.com\/?p=15800"},"modified":"2025-09-01T10:04:34","modified_gmt":"2025-09-01T09:04:34","slug":"die-franzoesische-sprachschule-accord-in-frankreich","status":"publish","type":"post","link":"https:\/\/www.accord-langues.com\/de\/die-franzoesische-sprachschule-accord-in-frankreich\/","title":{"rendered":"Die franz\u00f6sische Sprachschule ACCORD in Frankreich"},"content":{"rendered":"<h1>Die franz\u00f6sische Sprachschule ACCORD in Frankreich<\/h1>\n<h2><span style=\"color: #ff6600;\">W\u00e4hlen Sie f\u00fcr Ihren Aufenthalt in Paris die franz\u00f6sische Sprachschule ACCORD in Frankreich!\u00a0<\/span><\/h2>\n<p><strong>\u201eQualit\u00e9 FLE\u201c akkreditierte Franz\u00f6sisch-Sprachschulen in Paris: entdecken Sie jetzt die <a href=\"https:\/\/www.accord-langues.com\/de\/beste-franzoesischkurse-in-frankreich-akkreditierte-kurse\/\" target=\"_blank\" rel=\"noopener\">franz\u00f6sische Sprachschule<\/a> ACCORD in Frankreich.<\/strong><\/p>\n<p><strong><a href=\"https:\/\/www.accord-langues.com\/de\/accord-franzoesischschulen\/#TourEiffel\" rel=\"noopener\">Die Ganzjahresschule<\/a> befindet sich in der N\u00e4he des ber\u00fchmten Eiffelturms<\/strong>, nur wenige Gehminuten vom Champs de Mars, dem Mus\u00e9e du Quai Branly, den Invalides, der Seine entfernt und gegen\u00fcber dem Eiffelturm, dem <a href=\"https:\/\/www.parisperfect.com\/plan-your-trip\/things-to-see\/monuments-landmarks\/trocadero.php\" target=\"_blank\" rel=\"noopener\">Trocad\u00e9ro<\/a> und seinen ber\u00fchmten G\u00e4rten und Brunnen,<\/p>\n<p><strong>Erfahrungsberichte und Bewertungen<\/strong>: Lernen Sie die <a href=\"https:\/\/www.accord-langues.com\/de\/mehr-ueber-accord-sprachschule\/\" target=\"_blank\" rel=\"noopener\">franz\u00f6sische Sprachschule ACCORD<\/a> in Frankreich kennen und lesen Sie, was unsere Sch\u00fcler \u00fcber unsere Schulen, unsere Kurse, unsere Lehrer und das Personal der Verwaltungsdienste, die von uns angebotenen <a href=\"https:\/\/www.accord-langues.com\/de\/gastfamilie-in-paris-gastfamilie-fuer-ihren-aufenthalt-in-frankreich\/\" target=\"_blank\" rel=\"noopener\">Unterk\u00fcnfte in Gastfamilien<\/a>, Residenzen und Appart&#8216;-Hotels sagen: <a href=\"https:\/\/www.accord-langues.com\/de\/bewertungen-franzoesischkurse\/\" target=\"_blank\" rel=\"noopener\">Erfahrungsberichte und Bewertungen<\/a><\/p>\n<h3><span style=\"color: #ff6600;\"><strong>Unsere Aufgabe<\/strong><\/span><\/h3>\n<p><strong>ACCORD arbeitet in engem Kontakt mit Franz\u00f6sischlehrern aus mehr als 30 L\u00e4ndern, um die Mittel f\u00fcr Bildungsmobilit\u00e4t bereitzustellen<\/strong>. Wir bieten <a href=\"https:\/\/www.accord-langues.com\/de\/franzoesischkurse-in-der-accord-sprachschule\/\" target=\"_blank\" rel=\"noopener\">Franz\u00f6sischkurse<\/a> in der ACCORD Tour Eiffel Schule an, aber nicht nur, da wir <a href=\"https:\/\/www.accord-langues.com\/de\/franzoesisch-intensiv-sprachprogramme-in-paris\/\" target=\"_blank\" rel=\"noopener\">Franz\u00f6sischunterricht<\/a> und Bildung \u00fcber den Klassenraum hinaus f\u00f6rdern. Aus diesem Grund sind unsere <a href=\"https:\/\/www.accord-langues.com\/de\/accord-lehrmethode\/\" target=\"_blank\" rel=\"noopener\"><strong>\u201eWalking in Paris\u201c-Kurse<\/strong><\/a> (sorties p\u00e9dagogiques) so organisiert, dass unsere Sch\u00fcler in eine authentische Pariser Alltagsumgebung versetzt werden, sodass sie das, was sie im Unterricht gelernt haben, anwenden k\u00f6nnen, w\u00e4hrend sie Paris und seine Kultur erkunden.<\/p>\n<p><strong>Wir begleiten ausl\u00e4ndische Franz\u00f6sischlehrer, die an Hochschulen oder Universit\u00e4ten Franz\u00f6sisch unterrichten<\/strong>, indem wir zu ihren Bildungsprojekten beitragen und ihre p\u00e4dagogischen Projekte bereichern, indem wir ihre Klassen und Gruppen bei ACCORD Paris f\u00fcr engagierten <a href=\"https:\/\/www.accord-langues.com\/de\/franzoesischlernen-in-frankreich-mit-accord\/\" target=\"_blank\" rel=\"noopener\">Franz\u00f6sischunterricht<\/a> willkommen hei\u00dfen.<\/p>\n<p><strong>Unser t\u00e4gliches Handeln wird von unseren Werten geleitet: Offenheit und Eigeninitiative, Vertrauen und hohe Erwartungen, Partnerschaft und Freundschaft.<\/strong><\/p>\n<p><span style=\"color: #000000;\"><strong>W\u00e4hlen Sie f\u00fcr Ihren Aufenthalt in Paris die franz\u00f6sische Sprachschule ACCORD in Frankreich!<\/strong><\/span><\/p>\n<h3><span style=\"color: #ff6600;\">Warum einen unserer <a style=\"color: #ff6600;\" href=\"https:\/\/www.accord-langues.com\/de\/kurs\/dalf-pruefungsvorbereitungsunterricht\/\" target=\"_blank\" rel=\"noopener\">Franz\u00f6sischkurse in Paris<\/a> belegen?<\/span><\/h3>\n<p><strong>Unsere aufregenden Auslandsstudienprogramme in Paris sind aufregende und echte kulturelle Erfahrungen:<\/strong> Sie haben die M\u00f6glichkeit, Franz\u00f6sisch von voll qualifizierten Franz\u00f6sischlehrern, allen Universit\u00e4tsabsolventen und franz\u00f6sischen Muttersprachlern zu lernen, w\u00e4hrend Sie die ber\u00fchmte \u201eStadt des Lichts\u201c entdecken, die ein besonders guter Ort ist zum Lernen und Genie\u00dfen des franz\u00f6sischen Lebensstils.<br \/>\nEin <a href=\"https:\/\/www.accord-langues.com\/de\/kurs\/franzoesische-kulturkurse-in-frankreich\/\" target=\"_blank\" rel=\"noopener\">Franz\u00f6sisch-Sprachprogramm in Paris<\/a> ist eine Investition in Ihre Zukunft und erm\u00f6glicht es Ihnen, neue Freundschaften zu schlie\u00dfen. In Ihrer Freizeit k\u00f6nnen Sie die franz\u00f6sische Hauptstadt erkunden, Museen und ber\u00fchmte Denkm\u00e4ler besuchen, an der Seine entlang spazieren oder in den vielen G\u00e4rten und Parks spazieren gehen.<br \/>\n<strong>Entdecken Sie selbst die vielen Vorteile eines unserer <a href=\"https:\/\/www.accord-langues.com\/de\/bildungsurlaub-anerkannter-franzoesischkurs\/\" target=\"_blank\" rel=\"noopener\">Franz\u00f6sischkurse<\/a> in Paris!<\/strong><\/p>\n<div id='gallery-1' class='gallery galleryid-15800 gallery-columns-1 gallery-size-large'><figure class='gallery-item'>\n\t\t\t<div class='gallery-icon landscape'>\n\t\t\t\t<a href='https:\/\/www.accord-langues.com\/wp-content\/uploads\/2022\/05\/ACCORD-Students-4.jpg'><img decoding=\"async\" width=\"640\" height=\"427\" src=\"https:\/\/www.accord-langues.com\/wp-content\/uploads\/2022\/05\/ACCORD-Students-4.jpg\" class=\"attachment-large size-large\" alt=\"Die franz\u00f6sische Sprachschule ACCORD in Frankreich\" srcset=\"https:\/\/www.accord-langues.com\/wp-content\/uploads\/2022\/05\/ACCORD-Students-4.jpg 1024w, https:\/\/www.accord-langues.com\/wp-content\/uploads\/2022\/05\/ACCORD-Students-4-300x200.jpg 300w, https:\/\/www.accord-langues.com\/wp-content\/uploads\/2022\/05\/ACCORD-Students-4-768x512.jpg 768w\" sizes=\"(max-width: 640px) 100vw, 640px\" title=\"Die franz\u00f6sische Sprachschule ACCORD in Frankreich\" \/><\/a>\n\t\t\t<\/div><\/figure>\n\t\t<\/div>\n\n<h3><span style=\"color: #ff6600;\">H\u00f6hepunkte der ACCORD Franz\u00f6sisch-Sprachschule in Frankreich:<\/span><\/h3>\n<ul>\n<li>Wir haben <strong>3 Jahre Erfahrung<\/strong> im Unterrichten von Franz\u00f6sisch als Fremdsprache (FLE).<\/li>\n<li>ACCORD-Lehrer, alle Hochschulabsolventen und franz\u00f6sische Muttersprachler, bieten Programme an, die nicht nur an Ihr Franz\u00f6sischniveau, sondern auch an Ihre pers\u00f6nlichen Ziele angepasst sind.<\/li>\n<li>Wir bieten <strong>Kurse f\u00fcr alle Niveaus an<\/strong>, und alle Niveaus folgen dem Gemeinsamen Europ\u00e4ischen Referenzrahmen f\u00fcr Sprachen (CECRL).<\/li>\n<li>Zus\u00e4tzlich zu den Franz\u00f6sischkursen bietet ACCORD eine wahre Entdeckung der franz\u00f6sischen Kultur durch <strong>\u201eWalking in Paris\u201c-Unterricht, Workshops, aber auch kulturelle Aktivit\u00e4ten, Besuche und Exkursionen<\/strong>, die \u00fcber unsere Partner CIJP und Erasmus Place angeboten werden.<\/li>\n<\/ul>\n<p><a href=\"https:\/\/www.accord-langues.com\/de\/beste-franzoesischkurse-in-frankreich-akkreditierte-franzoesischkurse\/\" target=\"_blank\" rel=\"noopener\"><strong>ACCORD:<\/strong><\/a><br \/>\n3bis rue Jean-Pierre Bloch<br \/>\n75015 Paris \u2013 France<\/p>\n<p><strong>Folge uns auf:<\/strong><\/p>\n<ul>\n<li><a href=\"https:\/\/twitter.com\/FrenchParisFP\" target=\"_blank\" rel=\"noopener\">French-Paris auf X \u2013 Twitter<\/a><\/li>\n<li><a href=\"https:\/\/twitter.com\/ParisMove\" target=\"_blank\" rel=\"noopener\">Paris-Move auf X \u2013 Twitter<\/a><\/li>\n<li><a href=\"https:\/\/mastodon.social\/@FrenchParis\" target=\"_blank\" rel=\"noopener\">French-Paris auf Mastodon<\/a><\/li>\n<li><a href=\"https:\/\/www.activelanguages.co.uk\/\" target=\"_blank\" rel=\"noopener\">Active Languages<\/a><\/li>\n<li><a href=\"https:\/\/www.facebook.com\/login\/?next=https%3A%2F%2Fwww.facebook.com%2FFrenchCourseParis\" target=\"_blank\" rel=\"noopener\">French-Paris Facebook<\/a><\/li>\n<li><a href=\"https:\/\/www.facebook.com\/profile.php?id=61554096872127\" target=\"_blank\" rel=\"noopener\">Paris-Junior Facebook<\/a><\/li>\n<li><a href=\"https:\/\/www.linkedin.com\/groups\/4542133\/\" target=\"_blank\" rel=\"noopener\">Accord Language Schools auf Linkedin<\/a><\/li>\n<\/ul>\n","protected":false},"excerpt":{"rendered":"<p>W\u00e4hlen Sie f\u00fcr Ihren Aufenthalt in Paris die franz\u00f6sische Sprachschule ACCORD in Frankreich!\u00a0Die Ganzjahresschule befindet sich in der N\u00e4he des ber\u00fchmten Eiffelturms.<\/p>\n","protected":false},"author":10,"featured_media":15911,"comment_status":"closed","ping_status":"closed","sticky":false,"template":"","format":"standard","meta":{"_acf_changed":false,"footnotes":""},"categories":[10624],"tags":[],"class_list":["post-15800","post","type-post","status-publish","format-standard","has-post-thumbnail","hentry","category-franzoesischkurse-in-frankreich"],"acf":[],"yoast_head":"<!-- This site is optimized with the Yoast SEO Premium plugin v27.5 (Yoast SEO v27.5) - https:\/\/yoast.com\/product\/yoast-seo-premium-wordpress\/ -->\n<title>Die franz\u00f6sische Sprachschule ACCORD in Frankreich - Accord Paris<\/title>\n<meta name=\"description\" content=\"W\u00e4hlen Sie f\u00fcr Ihren Aufenthalt in Paris die franz\u00f6sische Sprachschule ACCORD in Frankreich! FLE akkreditierte Franz\u00f6sisch-Sprachschulen.\" \/>\n<meta name=\"robots\" content=\"index, follow, max-snippet:-1, max-image-preview:large, max-video-preview:-1\" \/>\n<link rel=\"canonical\" href=\"https:\/\/www.accord-langues.com\/de\/die-franzoesische-sprachschule-accord-in-frankreich\/\" \/>\n<meta property=\"og:locale\" content=\"de_DE\" \/>\n<meta property=\"og:type\" content=\"article\" \/>\n<meta property=\"og:title\" content=\"Die franz\u00f6sische Sprachschule ACCORD in Frankreich\" \/>\n<meta property=\"og:description\" content=\"W\u00e4hlen Sie f\u00fcr Ihren Aufenthalt in Paris die franz\u00f6sische Sprachschule ACCORD in Frankreich! FLE akkreditierte Franz\u00f6sisch-Sprachschulen.\" \/>\n<meta property=\"og:url\" content=\"https:\/\/www.accord-langues.com\/de\/die-franzoesische-sprachschule-accord-in-frankreich\/\" \/>\n<meta property=\"og:site_name\" content=\"Accord Paris\" \/>\n<meta property=\"article:publisher\" content=\"https:\/\/www.facebook.com\/accordecoledelangues\" \/>\n<meta property=\"article:published_time\" content=\"2022-05-07T19:38:54+00:00\" \/>\n<meta property=\"article:modified_time\" content=\"2025-09-01T09:04:34+00:00\" \/>\n<meta property=\"og:image\" content=\"https:\/\/www.accord-langues.com\/wp-content\/uploads\/2022\/05\/IMG_1880-001.jpg\" \/>\n\t<meta property=\"og:image:width\" content=\"1023\" \/>\n\t<meta property=\"og:image:height\" content=\"1415\" \/>\n\t<meta property=\"og:image:type\" content=\"image\/jpeg\" \/>\n<meta name=\"author\" content=\"Fran\u00e7ois PFEIFFER\" \/>\n<meta name=\"twitter:card\" content=\"summary_large_image\" \/>\n<meta name=\"twitter:label1\" content=\"Verfasst von\" \/>\n\t<meta name=\"twitter:data1\" content=\"Fran\u00e7ois PFEIFFER\" \/>\n\t<meta name=\"twitter:label2\" content=\"Gesch\u00e4tzte Lesezeit\" \/>\n\t<meta name=\"twitter:data2\" content=\"3\u00a0Minuten\" \/>\n<script type=\"application\/ld+json\" class=\"yoast-schema-graph\">{\"@context\":\"https:\\\/\\\/schema.org\",\"@graph\":[{\"@type\":\"Article\",\"@id\":\"https:\\\/\\\/www.accord-langues.com\\\/de\\\/die-franzoesische-sprachschule-accord-in-frankreich\\\/#article\",\"isPartOf\":{\"@id\":\"https:\\\/\\\/www.accord-langues.com\\\/de\\\/die-franzoesische-sprachschule-accord-in-frankreich\\\/\"},\"author\":{\"name\":\"Fran\u00e7ois PFEIFFER\",\"@id\":\"https:\\\/\\\/www.accord-langues.com\\\/de\\\/#\\\/schema\\\/person\\\/094b7403ccd70c90f43907c2f18fcd5c\"},\"headline\":\"Die franz\u00f6sische Sprachschule ACCORD in Frankreich\",\"datePublished\":\"2022-05-07T19:38:54+00:00\",\"dateModified\":\"2025-09-01T09:04:34+00:00\",\"mainEntityOfPage\":{\"@id\":\"https:\\\/\\\/www.accord-langues.com\\\/de\\\/die-franzoesische-sprachschule-accord-in-frankreich\\\/\"},\"wordCount\":590,\"publisher\":{\"@id\":\"https:\\\/\\\/www.accord-langues.com\\\/de\\\/#organization\"},\"image\":{\"@id\":\"https:\\\/\\\/www.accord-langues.com\\\/de\\\/die-franzoesische-sprachschule-accord-in-frankreich\\\/#primaryimage\"},\"thumbnailUrl\":\"https:\\\/\\\/www.accord-langues.com\\\/wp-content\\\/uploads\\\/2022\\\/05\\\/IMG_1880-001.jpg\",\"articleSection\":[\"Franz\u00f6sischkurse in Frankreich\"],\"inLanguage\":\"de\"},{\"@type\":\"WebPage\",\"@id\":\"https:\\\/\\\/www.accord-langues.com\\\/de\\\/die-franzoesische-sprachschule-accord-in-frankreich\\\/\",\"url\":\"https:\\\/\\\/www.accord-langues.com\\\/de\\\/die-franzoesische-sprachschule-accord-in-frankreich\\\/\",\"name\":\"Die franz\u00f6sische Sprachschule ACCORD in Frankreich - Accord Paris\",\"isPartOf\":{\"@id\":\"https:\\\/\\\/www.accord-langues.com\\\/de\\\/#website\"},\"primaryImageOfPage\":{\"@id\":\"https:\\\/\\\/www.accord-langues.com\\\/de\\\/die-franzoesische-sprachschule-accord-in-frankreich\\\/#primaryimage\"},\"image\":{\"@id\":\"https:\\\/\\\/www.accord-langues.com\\\/de\\\/die-franzoesische-sprachschule-accord-in-frankreich\\\/#primaryimage\"},\"thumbnailUrl\":\"https:\\\/\\\/www.accord-langues.com\\\/wp-content\\\/uploads\\\/2022\\\/05\\\/IMG_1880-001.jpg\",\"datePublished\":\"2022-05-07T19:38:54+00:00\",\"dateModified\":\"2025-09-01T09:04:34+00:00\",\"description\":\"W\u00e4hlen Sie f\u00fcr Ihren Aufenthalt in Paris die franz\u00f6sische Sprachschule ACCORD in Frankreich! FLE akkreditierte Franz\u00f6sisch-Sprachschulen.\",\"inLanguage\":\"de\",\"potentialAction\":[{\"@type\":\"ReadAction\",\"target\":[\"https:\\\/\\\/www.accord-langues.com\\\/de\\\/die-franzoesische-sprachschule-accord-in-frankreich\\\/\"]}]},{\"@type\":\"ImageObject\",\"inLanguage\":\"de\",\"@id\":\"https:\\\/\\\/www.accord-langues.com\\\/de\\\/die-franzoesische-sprachschule-accord-in-frankreich\\\/#primaryimage\",\"url\":\"https:\\\/\\\/www.accord-langues.com\\\/wp-content\\\/uploads\\\/2022\\\/05\\\/IMG_1880-001.jpg\",\"contentUrl\":\"https:\\\/\\\/www.accord-langues.com\\\/wp-content\\\/uploads\\\/2022\\\/05\\\/IMG_1880-001.jpg\",\"width\":1023,\"height\":1415,\"caption\":\"Die franz\u00f6sische Sprachschule ACCORD in Frankreich\"},{\"@type\":\"WebSite\",\"@id\":\"https:\\\/\\\/www.accord-langues.com\\\/de\\\/#website\",\"url\":\"https:\\\/\\\/www.accord-langues.com\\\/de\\\/\",\"name\":\"Accord Paris\",\"description\":\"Learn French in France\",\"publisher\":{\"@id\":\"https:\\\/\\\/www.accord-langues.com\\\/de\\\/#organization\"},\"potentialAction\":[{\"@type\":\"SearchAction\",\"target\":{\"@type\":\"EntryPoint\",\"urlTemplate\":\"https:\\\/\\\/www.accord-langues.com\\\/de\\\/?s={search_term_string}\"},\"query-input\":{\"@type\":\"PropertyValueSpecification\",\"valueRequired\":true,\"valueName\":\"search_term_string\"}}],\"inLanguage\":\"de\"},{\"@type\":\"Organization\",\"@id\":\"https:\\\/\\\/www.accord-langues.com\\\/de\\\/#organization\",\"name\":\"ACCORD Tour Eiffel\",\"alternateName\":\"Learn French in Paris\",\"url\":\"https:\\\/\\\/www.accord-langues.com\\\/de\\\/\",\"logo\":{\"@type\":\"ImageObject\",\"inLanguage\":\"de\",\"@id\":\"https:\\\/\\\/www.accord-langues.com\\\/de\\\/#\\\/schema\\\/logo\\\/image\\\/\",\"url\":\"https:\\\/\\\/www.accord-langues.com\\\/wp-content\\\/uploads\\\/2016\\\/06\\\/Logo.png\",\"contentUrl\":\"https:\\\/\\\/www.accord-langues.com\\\/wp-content\\\/uploads\\\/2016\\\/06\\\/Logo.png\",\"width\":290,\"height\":70,\"caption\":\"ACCORD Tour Eiffel\"},\"image\":{\"@id\":\"https:\\\/\\\/www.accord-langues.com\\\/de\\\/#\\\/schema\\\/logo\\\/image\\\/\"},\"sameAs\":[\"https:\\\/\\\/www.facebook.com\\\/accordecoledelangues\",\"https:\\\/\\\/www.linkedin.com\\\/groups\\\/4542133\\\/\"],\"description\":\"ACCORD French Language School is one of the leading schools in France for teaching French to foreign students and offering high quality French language courses in Paris. The ACCORD language school is located in the heart of Paris, nearby the Eiffel Tower. The ACCORD school is open all year round and welcomes students from all over the world from the age of 16 in its French language courses. ACCORD school is accredited by the official \u201cQualit\u00e9 FLE\u201d label and is member of CAMPUS FRANCE, SOUFFLE and Atout France. ACCORD is official exam center for the TCF IRN, TCF TP, TCF Qu\u00e9bec and TCF Canada.\",\"email\":\"info@accord-langues.com\",\"telephone\":\"+33155335233\",\"legalName\":\"FORUM ACCORD\",\"foundingDate\":\"1990-02-23\",\"numberOfEmployees\":{\"@type\":\"QuantitativeValue\",\"minValue\":\"11\",\"maxValue\":\"50\"}},{\"@type\":\"Person\",\"@id\":\"https:\\\/\\\/www.accord-langues.com\\\/de\\\/#\\\/schema\\\/person\\\/094b7403ccd70c90f43907c2f18fcd5c\",\"name\":\"Fran\u00e7ois PFEIFFER\",\"url\":\"https:\\\/\\\/www.accord-langues.com\\\/de\\\/author\\\/ffpnat-21-05\\\/\"}]}<\/script>\n<!-- \/ Yoast SEO Premium plugin. -->","yoast_head_json":{"title":"Die franz\u00f6sische Sprachschule ACCORD in Frankreich - Accord Paris","description":"W\u00e4hlen Sie f\u00fcr Ihren Aufenthalt in Paris die franz\u00f6sische Sprachschule ACCORD in Frankreich! FLE akkreditierte Franz\u00f6sisch-Sprachschulen.","robots":{"index":"index","follow":"follow","max-snippet":"max-snippet:-1","max-image-preview":"max-image-preview:large","max-video-preview":"max-video-preview:-1"},"canonical":"https:\/\/www.accord-langues.com\/de\/die-franzoesische-sprachschule-accord-in-frankreich\/","og_locale":"de_DE","og_type":"article","og_title":"Die franz\u00f6sische Sprachschule ACCORD in Frankreich","og_description":"W\u00e4hlen Sie f\u00fcr Ihren Aufenthalt in Paris die franz\u00f6sische Sprachschule ACCORD in Frankreich! FLE akkreditierte Franz\u00f6sisch-Sprachschulen.","og_url":"https:\/\/www.accord-langues.com\/de\/die-franzoesische-sprachschule-accord-in-frankreich\/","og_site_name":"Accord Paris","article_publisher":"https:\/\/www.facebook.com\/accordecoledelangues","article_published_time":"2022-05-07T19:38:54+00:00","article_modified_time":"2025-09-01T09:04:34+00:00","og_image":[{"width":1023,"height":1415,"url":"https:\/\/www.accord-langues.com\/wp-content\/uploads\/2022\/05\/IMG_1880-001.jpg","type":"image\/jpeg"}],"author":"Fran\u00e7ois PFEIFFER","twitter_card":"summary_large_image","twitter_misc":{"Verfasst von":"Fran\u00e7ois PFEIFFER","Gesch\u00e4tzte Lesezeit":"3\u00a0Minuten"},"schema":{"@context":"https:\/\/schema.org","@graph":[{"@type":"Article","@id":"https:\/\/www.accord-langues.com\/de\/die-franzoesische-sprachschule-accord-in-frankreich\/#article","isPartOf":{"@id":"https:\/\/www.accord-langues.com\/de\/die-franzoesische-sprachschule-accord-in-frankreich\/"},"author":{"name":"Fran\u00e7ois PFEIFFER","@id":"https:\/\/www.accord-langues.com\/de\/#\/schema\/person\/094b7403ccd70c90f43907c2f18fcd5c"},"headline":"Die franz\u00f6sische Sprachschule ACCORD in Frankreich","datePublished":"2022-05-07T19:38:54+00:00","dateModified":"2025-09-01T09:04:34+00:00","mainEntityOfPage":{"@id":"https:\/\/www.accord-langues.com\/de\/die-franzoesische-sprachschule-accord-in-frankreich\/"},"wordCount":590,"publisher":{"@id":"https:\/\/www.accord-langues.com\/de\/#organization"},"image":{"@id":"https:\/\/www.accord-langues.com\/de\/die-franzoesische-sprachschule-accord-in-frankreich\/#primaryimage"},"thumbnailUrl":"https:\/\/www.accord-langues.com\/wp-content\/uploads\/2022\/05\/IMG_1880-001.jpg","articleSection":["Franz\u00f6sischkurse in Frankreich"],"inLanguage":"de"},{"@type":"WebPage","@id":"https:\/\/www.accord-langues.com\/de\/die-franzoesische-sprachschule-accord-in-frankreich\/","url":"https:\/\/www.accord-langues.com\/de\/die-franzoesische-sprachschule-accord-in-frankreich\/","name":"Die franz\u00f6sische Sprachschule ACCORD in Frankreich - Accord Paris","isPartOf":{"@id":"https:\/\/www.accord-langues.com\/de\/#website"},"primaryImageOfPage":{"@id":"https:\/\/www.accord-langues.com\/de\/die-franzoesische-sprachschule-accord-in-frankreich\/#primaryimage"},"image":{"@id":"https:\/\/www.accord-langues.com\/de\/die-franzoesische-sprachschule-accord-in-frankreich\/#primaryimage"},"thumbnailUrl":"https:\/\/www.accord-langues.com\/wp-content\/uploads\/2022\/05\/IMG_1880-001.jpg","datePublished":"2022-05-07T19:38:54+00:00","dateModified":"2025-09-01T09:04:34+00:00","description":"W\u00e4hlen Sie f\u00fcr Ihren Aufenthalt in Paris die franz\u00f6sische Sprachschule ACCORD in Frankreich! FLE akkreditierte Franz\u00f6sisch-Sprachschulen.","inLanguage":"de","potentialAction":[{"@type":"ReadAction","target":["https:\/\/www.accord-langues.com\/de\/die-franzoesische-sprachschule-accord-in-frankreich\/"]}]},{"@type":"ImageObject","inLanguage":"de","@id":"https:\/\/www.accord-langues.com\/de\/die-franzoesische-sprachschule-accord-in-frankreich\/#primaryimage","url":"https:\/\/www.accord-langues.com\/wp-content\/uploads\/2022\/05\/IMG_1880-001.jpg","contentUrl":"https:\/\/www.accord-langues.com\/wp-content\/uploads\/2022\/05\/IMG_1880-001.jpg","width":1023,"height":1415,"caption":"Die franz\u00f6sische Sprachschule ACCORD in Frankreich"},{"@type":"WebSite","@id":"https:\/\/www.accord-langues.com\/de\/#website","url":"https:\/\/www.accord-langues.com\/de\/","name":"Accord Paris","description":"Learn French in France","publisher":{"@id":"https:\/\/www.accord-langues.com\/de\/#organization"},"potentialAction":[{"@type":"SearchAction","target":{"@type":"EntryPoint","urlTemplate":"https:\/\/www.accord-langues.com\/de\/?s={search_term_string}"},"query-input":{"@type":"PropertyValueSpecification","valueRequired":true,"valueName":"search_term_string"}}],"inLanguage":"de"},{"@type":"Organization","@id":"https:\/\/www.accord-langues.com\/de\/#organization","name":"ACCORD Tour Eiffel","alternateName":"Learn French in Paris","url":"https:\/\/www.accord-langues.com\/de\/","logo":{"@type":"ImageObject","inLanguage":"de","@id":"https:\/\/www.accord-langues.com\/de\/#\/schema\/logo\/image\/","url":"https:\/\/www.accord-langues.com\/wp-content\/uploads\/2016\/06\/Logo.png","contentUrl":"https:\/\/www.accord-langues.com\/wp-content\/uploads\/2016\/06\/Logo.png","width":290,"height":70,"caption":"ACCORD Tour Eiffel"},"image":{"@id":"https:\/\/www.accord-langues.com\/de\/#\/schema\/logo\/image\/"},"sameAs":["https:\/\/www.facebook.com\/accordecoledelangues","https:\/\/www.linkedin.com\/groups\/4542133\/"],"description":"ACCORD French Language School is one of the leading schools in France for teaching French to foreign students and offering high quality French language courses in Paris. The ACCORD language school is located in the heart of Paris, nearby the Eiffel Tower. The ACCORD school is open all year round and welcomes students from all over the world from the age of 16 in its French language courses. ACCORD school is accredited by the official \u201cQualit\u00e9 FLE\u201d label and is member of CAMPUS FRANCE, SOUFFLE and Atout France. ACCORD is official exam center for the TCF IRN, TCF TP, TCF Qu\u00e9bec and TCF Canada.","email":"info@accord-langues.com","telephone":"+33155335233","legalName":"FORUM ACCORD","foundingDate":"1990-02-23","numberOfEmployees":{"@type":"QuantitativeValue","minValue":"11","maxValue":"50"}},{"@type":"Person","@id":"https:\/\/www.accord-langues.com\/de\/#\/schema\/person\/094b7403ccd70c90f43907c2f18fcd5c","name":"Fran\u00e7ois PFEIFFER","url":"https:\/\/www.accord-langues.com\/de\/author\/ffpnat-21-05\/"}]}},"_links":{"self":[{"href":"https:\/\/www.accord-langues.com\/de\/wp-json\/wp\/v2\/posts\/15800","targetHints":{"allow":["GET"]}}],"collection":[{"href":"https:\/\/www.accord-langues.com\/de\/wp-json\/wp\/v2\/posts"}],"about":[{"href":"https:\/\/www.accord-langues.com\/de\/wp-json\/wp\/v2\/types\/post"}],"author":[{"embeddable":true,"href":"https:\/\/www.accord-langues.com\/de\/wp-json\/wp\/v2\/users\/10"}],"replies":[{"embeddable":true,"href":"https:\/\/www.accord-langues.com\/de\/wp-json\/wp\/v2\/comments?post=15800"}],"version-history":[{"count":0,"href":"https:\/\/www.accord-langues.com\/de\/wp-json\/wp\/v2\/posts\/15800\/revisions"}],"wp:featuredmedia":[{"embeddable":true,"href":"https:\/\/www.accord-langues.com\/de\/wp-json\/wp\/v2\/media\/15911"}],"wp:attachment":[{"href":"https:\/\/www.accord-langues.com\/de\/wp-json\/wp\/v2\/media?parent=15800"}],"wp:term":[{"taxonomy":"category","embeddable":true,"href":"https:\/\/www.accord-langues.com\/de\/wp-json\/wp\/v2\/categories?post=15800"},{"taxonomy":"post_tag","embeddable":true,"href":"https:\/\/www.accord-langues.com\/de\/wp-json\/wp\/v2\/tags?post=15800"}],"curies":[{"name":"wp","href":"https:\/\/api.w.org\/{rel}","templated":true}]}}